{"id":14081,"date":"2015-11-30T11:47:49","date_gmt":"2015-11-30T11:47:49","guid":{"rendered":"http:\/\/plazajuarez.mx\/index\/index.php\/2015\/11\/30\/diputados-del-prd-votaran-contra-reforma-de-pensionissste\/"},"modified":"2015-11-30T11:47:49","modified_gmt":"2015-11-30T11:47:49","slug":"diputados-del-prd-votaran-contra-reforma-de-pensionissste","status":"publish","type":"post","link":"https:\/\/plazajuarez.mx\/historico\/diputados-del-prd-votaran-contra-reforma-de-pensionissste\/","title":{"rendered":"DIPUTADOS DEL PRD VOTAR\u00c1N CONTRA REFORMA DE PENSIONISSSTE"},"content":{"rendered":"<p>POR LA CREACI\u00d3N DE UNA AFORE P\u00daBLICA <br \/>El coordinador del Partido de la Revoluci\u00f3n Democr\u00e1tica (PRD), Francisco Mart\u00ednez Neri, asegur\u00f3 que su grupo parlamentario votar\u00e1 en contra de la desaparici\u00f3n de Pensionissste<\/p>\n<p>  <!--more-->  <\/p>\n<p>M\u00c9XICO, D.F.- El coordinador del Partido de la Revoluci\u00f3n Democr\u00e1tica (PRD), Francisco Mart\u00ednez Neri, asegur\u00f3 que su grupo parlamentario votar\u00e1 en contra de la desaparici\u00f3n de Pensionissste, de ah\u00ed que no avalar\u00e1 la creaci\u00f3n de una Afore que pueda ser eliminada por decreto o que sea vendida, total o en parte, en donde el capital financiero s\u00f3lo se beneficie a particulares que lucren con el ahorro de los trabajadores. <br \/>Afirm\u00f3 que su fracci\u00f3n se pronuncia por la creaci\u00f3n de una Afore p\u00fablica, sin participaci\u00f3n privada, con fines sociales y que d\u00e9 certeza al ahorro de los trabajadores. <br \/>&#8220;En el proceso de reforma a la Ley del Instituto de Seguridad y Servicios Sociales de los Trabajadores del Estado (ISSSTE) en relaci\u00f3n a la Afore Pensionissste la posici\u00f3n del PRD es que una Afore debe ser de car\u00e1cter p\u00fablico, tener autonom\u00eda financiera y de gesti\u00f3n; de propiedad p\u00fablica sin participaci\u00f3n de particulares, nacionales o extranjeros; no tener fines de lucro y brindar certeza y seguridad al manejo del ahorro obligatorio de los trabajadores\u201d, sostuvo. <br \/>Mart\u00ednez Neri dijo que si bien su grupo parlamentario es una oposici\u00f3n ser\u00eda, no dar\u00e1 un \u201cno en autom\u00e1tico\u201d, pero si contar\u00e1n con argumentos para buscar lo mejor para los mexicanos. <\/p>\n","protected":false},"excerpt":{"rendered":"<p>POR LA CREACI\u00d3N DE UNA AFORE P\u00daBLICA El coordinador del Partido de la Revoluci\u00f3n Democr\u00e1tica (PRD), Francisco Mart\u00ednez Neri, asegur\u00f3 que su grupo parlamentario votar\u00e1 en contra de la desaparici\u00f3n de Pensionissste<\/p>\n","protected":false},"author":93,"featured_media":0,"comment_status":"open","ping_status":"open","sticky":false,"template":"","format":"standard","meta":{"footnotes":""},"categories":[36],"tags":[],"class_list":["post-14081","post","type-post","status-publish","format-standard","hentry","category-nacion"],"_links":{"self":[{"href":"https:\/\/plazajuarez.mx\/historico\/wp-json\/wp\/v2\/posts\/14081","targetHints":{"allow":["GET"]}}],"collection":[{"href":"https:\/\/plazajuarez.mx\/historico\/wp-json\/wp\/v2\/posts"}],"about":[{"href":"https:\/\/plazajuarez.mx\/historico\/wp-json\/wp\/v2\/types\/post"}],"author":[{"embeddable":true,"href":"https:\/\/plazajuarez.mx\/historico\/wp-json\/wp\/v2\/users\/93"}],"replies":[{"embeddable":true,"href":"https:\/\/plazajuarez.mx\/historico\/wp-json\/wp\/v2\/comments?post=14081"}],"version-history":[{"count":0,"href":"https:\/\/plazajuarez.mx\/historico\/wp-json\/wp\/v2\/posts\/14081\/revisions"}],"wp:attachment":[{"href":"https:\/\/plazajuarez.mx\/historico\/wp-json\/wp\/v2\/media?parent=14081"}],"wp:term":[{"taxonomy":"category","embeddable":true,"href":"https:\/\/plazajuarez.mx\/historico\/wp-json\/wp\/v2\/categories?post=14081"},{"taxonomy":"post_tag","embeddable":true,"href":"https:\/\/plazajuarez.mx\/historico\/wp-json\/wp\/v2\/tags?post=14081"}],"curies":[{"name":"wp","href":"https:\/\/api.w.org\/{rel}","templated":true}]}}