{"id":14076,"date":"2015-11-30T11:46:19","date_gmt":"2015-11-30T11:46:19","guid":{"rendered":"http:\/\/plazajuarez.mx\/index\/index.php\/2015\/11\/30\/porque-toreros-modestos\/"},"modified":"2015-11-30T11:46:19","modified_gmt":"2015-11-30T11:46:19","slug":"porque-toreros-modestos","status":"publish","type":"post","link":"https:\/\/plazajuarez.mx\/historico\/porque-toreros-modestos\/","title":{"rendered":"\u00bfPORQUE TOREROS MODESTOS?"},"content":{"rendered":"<p>#ENTRE EL CALLEJ\u00d3N Y EL TENDIDO<\/p>\n<ul>\n<li>PORQUE los \u201cToreros Modestos\u201d siempre ser\u00e1n toreros cu\u00f1a, ellos no tiene fechas por delante que perder<\/li>\n<\/ul>\n<p>DATO<\/p>\n<p>La palabra \u201cModesto\u201d; cita en primer t\u00e9rmino \u201cVirtud que modera<\/p>\n<p>  <!--more-->  <\/p>\n<p>\u00a0<\/p>\n<p>Toreros con enorme potencial para destacar en la Fiesta Brava no son tomados en cuenta por las empresas.<\/p>\n<p>Inexplicablemente se les niegan lugares en las corridas de post\u00edn.<\/p>\n<p>Estimados Amigos, con el placer de saludarles desde este espacio de Plaza Ju\u00e1rez. La Real Academia de la lengua Espa\u00f1ola da tres acepciones a la palabra \u201cModesto\u201d; cita en primer t\u00e9rmino \u201cVirtud que modera, templa y regla, las acciones externas, conteniendo al hombre, en los l\u00edmites de su estado, seg\u00fan lo conveniente a \u00e9l\u201d, a continuaci\u00f3n se\u00f1ala \u201cCualidad de humilde, falta de engreimiento o de vanidad\u201d y finalmente \u201cPobreza, escasez de medios, recursos, bienes, etc.\u201d<\/p>\n<p>En la Fiesta Brava bien caben esas tres definiciones de la Real Academia de \u201cModesto\u201d, para definir el momento que guardan los coletas en su profesi\u00f3n, dicho de otra manera el sitio que ocupan en el escalaf\u00f3n. As\u00ed tenemos a en el primera concepto, al Torero encumbrado cuya \u201cModestia\u201d se mantiene en los l\u00edmites de su estado, seg\u00fan su conveniencia.<\/p>\n<p>En cuanto a la segunda definici\u00f3n, ah\u00ed est\u00e1n aquellos diestros que aun habiendo alcanzando un sitio de relevancia dentro de la Fiesta mantiene su cualidad de humilde, sin engreimiento o vanidad, se deja \u201cquerer\u201d de la gente, convive con sus antiguos compa\u00f1eros de inicios en el toreo, regala sonrisas a diestra y siniestra, reparte aut\u00f3grafos y comparte fotograf\u00edas con los aficionados, ya en la plaza, ya en la calle.<\/p>\n<p>Por lo que respecta a los diestros del grupo que se ubica dentro de la tercera acepci\u00f3n, representan, en s\u00ed mismos, una representaci\u00f3n tr\u00e1gica del querer, poder y no ser, son los peyorativamente llamados, por empresarios, periodistas y aficionados los \u201cToreros Modestos\u201d, la enorme mayor\u00eda de ellos llenos de pobreza y escasez econ\u00f3mica, pero todos carentes de los medios necesarios para poder torear como debiera corresponderles, ya sea por falta de un adecuado apoderamiento, ya por ser v\u00edctimas de los celos profesionales de las \u201cfiguras\u201d del toreo, y que paulatinamente fueron cayendo en el infausto circulo<\/p>\n<p>vicioso de no torear porque no los ponen y no los ponen por no torear, pas\u00e1ndose la vida en un ir y venir tocando puertas que no se han de abrir<\/p>\n<p>Son Toreros siempre dispuestos a las sustituciones, que durante las temporadas taurinas, Abril-Octubre en Europa y Octubre-Marzo en Am\u00e9rica, duermen con la espuerta preparada esperando, muchas veces en vano, ser llamados para torear en lugar de un compa\u00f1ero lesionado, enfermo o con fechas encimadas; que se conforman con \u201chacer campo\u201d, cuando son invitados a \u201ctentar\u201d por alg\u00fan ganadero altruista, o colados con alg\u00fan amigo en mejor posici\u00f3n.<\/p>\n<p>Toreros, todos, con valor, calidad en su toreo, determinaci\u00f3n y deseos de agradar, que no les interesa enfrentarse a toracos de cualquier procedencia actuando en pueblos perdidos en la geograf\u00eda taurina, Toreros -algunos de ellos ya no tan j\u00f3venes- que se aferran a su afici\u00f3n y a la ilusi\u00f3n que a\u00fan conservan por torear buscando lograrse un sitio importante en la Fiesta Brava, que en las pocas fechas que logran \u201cligar\u201d en la temporada deben aceptar las condiciones que les imponen las administraciones de las figuras, que pasan las tardes de infinidad de domingos rumiando su impotencia al ver como un pu\u00f1ado de elegidos desaprovechan oportunidades sin el menor rubor, con la certeza de que ma\u00f1ana o pasado ya tienen otra fecha para \u201cprobar suerte\u201d.<\/p>\n<p>Toreros que las empresas para quit\u00e1rselos de encima les inventan \u201cjueves taurinos\u201d con corridas de concurso de \u201corejas de oro\u201d, enfrent\u00e1ndolos a encierros que no ofrecen garant\u00eda de triunfo y que sin embargo ellos lo buscan por todos los medios, toreros que bien pudieran ser incluidos en ternas al lado de dos figuras del toreo y seguramente no desmerecer\u00edan en sus actuaciones, pero probablemente ese sea el temor de aquellos que est\u00e1n toreando por encima de las 40 tardes al a\u00f1o, que uno de los \u201cToreros Modestos\u201d les pueda quitar el sitio o que les apriete fuerte y los obligue a \u201carrimarse\u201d.<\/p>\n<p>Porque los \u201cToreros Modestos\u201d siempre ser\u00e1n toreros cu\u00f1a, ellos no tiene fechas por delante que perder, la fecha m\u00e1s importante es la tarde en que torean y seguramente sin importantes que pudiera ser la \u00faltima.<\/p>\n<p>Por ah\u00ed nos vemos ENTRE EL CALLEJ\u00d3N Y EL TENDIDO si Dios lo permite.<\/p>\n","protected":false},"excerpt":{"rendered":"<p>#ENTRE EL CALLEJ\u00d3N Y EL TENDIDO PORQUE los \u201cToreros Modestos\u201d siempre ser\u00e1n toreros cu\u00f1a, ellos no tiene fechas por delante que perder DATO La palabra \u201cModesto\u201d; cita en primer t\u00e9rmino \u201cVirtud que modera<\/p>\n","protected":false},"author":93,"featured_media":0,"comment_status":"open","ping_status":"open","sticky":false,"template":"","format":"standard","meta":{"footnotes":""},"categories":[39],"tags":[],"class_list":["post-14076","post","type-post","status-publish","format-standard","hentry","category-deportiva"],"_links":{"self":[{"href":"https:\/\/plazajuarez.mx\/historico\/wp-json\/wp\/v2\/posts\/14076","targetHints":{"allow":["GET"]}}],"collection":[{"href":"https:\/\/plazajuarez.mx\/historico\/wp-json\/wp\/v2\/posts"}],"about":[{"href":"https:\/\/plazajuarez.mx\/historico\/wp-json\/wp\/v2\/types\/post"}],"author":[{"embeddable":true,"href":"https:\/\/plazajuarez.mx\/historico\/wp-json\/wp\/v2\/users\/93"}],"replies":[{"embeddable":true,"href":"https:\/\/plazajuarez.mx\/historico\/wp-json\/wp\/v2\/comments?post=14076"}],"version-history":[{"count":0,"href":"https:\/\/plazajuarez.mx\/historico\/wp-json\/wp\/v2\/posts\/14076\/revisions"}],"wp:attachment":[{"href":"https:\/\/plazajuarez.mx\/historico\/wp-json\/wp\/v2\/media?parent=14076"}],"wp:term":[{"taxonomy":"category","embeddable":true,"href":"https:\/\/plazajuarez.mx\/historico\/wp-json\/wp\/v2\/categories?post=14076"},{"taxonomy":"post_tag","embeddable":true,"href":"https:\/\/plazajuarez.mx\/historico\/wp-json\/wp\/v2\/tags?post=14076"}],"curies":[{"name":"wp","href":"https:\/\/api.w.org\/{rel}","templated":true}]}}