{"id":140743,"date":"2020-11-15T13:17:35","date_gmt":"2020-11-15T19:17:35","guid":{"rendered":"https:\/\/plazajuarez.mx\/?p=140743"},"modified":"2020-11-15T13:17:53","modified_gmt":"2020-11-15T19:17:53","slug":"brutal-accidente-moto-con-camion-mueren-dos","status":"publish","type":"post","link":"https:\/\/plazajuarez.mx\/historico\/brutal-accidente-moto-con-camion-mueren-dos\/","title":{"rendered":"Brutal accidente, moto con cami\u00f3n; mueren dos"},"content":{"rendered":"\n<p>La noche de este s\u00e1bado se registr\u00f3 un brutal accidente, donde se vieron involucrados una motocicleta y un cami\u00f3n recolector de basura, lo que dej\u00f3 saldo rojo de dos muertos y cuantiosas p\u00e9rdidas materiales.<\/p>\n\n\n\n<p>El percance provoc\u00f3 la movilizaci\u00f3n de efectivos polic\u00edacos, as\u00ed como de socorristas y param\u00e9dicos que acudieron al lugar a tomar conocimiento y a prestar apoyo a los infortunados respectivamente.<\/p>\n\n\n\n<p>La informaci\u00f3n oficial detalla que fue al filo de las 22:00 horas del s\u00e1bado, cuando habr\u00eda ocurrido el mortal percance que tuvo lugar sobre la carretera M\u00e9xico-Tuxpan, a la altura de la localidad de las Lajas del municipio de Singuilucan.<\/p>\n\n\n\n<p>De las diligencias del siniestro se hicieron cargo elementos de la Guardia Nacional, en tanto que personal de la Procuradur\u00eda General de Justicia del estado de Hidalgo dio fe de lo acontecido y se dio inicio a la carpeta de investigaci\u00f3n correspondiente.<\/p>\n","protected":false},"excerpt":{"rendered":"<p>La noche de este s\u00e1bado se registr\u00f3 un brutal accidente, donde se vieron involucrados una motocicleta y un cami\u00f3n recolector de basura, lo que dej\u00f3 saldo rojo de dos muertos y cuantiosas p\u00e9rdidas materiales. El percance provoc\u00f3 la movilizaci\u00f3n de efectivos polic\u00edacos, as\u00ed como de socorristas y param\u00e9dicos que acudieron al lugar a tomar conocimiento [&hellip;]<\/p>\n","protected":false},"author":93,"featured_media":140744,"comment_status":"closed","ping_status":"open","sticky":false,"template":"","format":"standard","meta":{"footnotes":""},"categories":[37,15],"tags":[],"class_list":["post-140743","post","type-post","status-publish","format-standard","has-post-thumbnail","hentry","category-barandilla","category-destacadas"],"_links":{"self":[{"href":"https:\/\/plazajuarez.mx\/historico\/wp-json\/wp\/v2\/posts\/140743","targetHints":{"allow":["GET"]}}],"collection":[{"href":"https:\/\/plazajuarez.mx\/historico\/wp-json\/wp\/v2\/posts"}],"about":[{"href":"https:\/\/plazajuarez.mx\/historico\/wp-json\/wp\/v2\/types\/post"}],"author":[{"embeddable":true,"href":"https:\/\/plazajuarez.mx\/historico\/wp-json\/wp\/v2\/users\/93"}],"replies":[{"embeddable":true,"href":"https:\/\/plazajuarez.mx\/historico\/wp-json\/wp\/v2\/comments?post=140743"}],"version-history":[{"count":0,"href":"https:\/\/plazajuarez.mx\/historico\/wp-json\/wp\/v2\/posts\/140743\/revisions"}],"wp:featuredmedia":[{"embeddable":true,"href":"https:\/\/plazajuarez.mx\/historico\/wp-json\/wp\/v2\/media\/140744"}],"wp:attachment":[{"href":"https:\/\/plazajuarez.mx\/historico\/wp-json\/wp\/v2\/media?parent=140743"}],"wp:term":[{"taxonomy":"category","embeddable":true,"href":"https:\/\/plazajuarez.mx\/historico\/wp-json\/wp\/v2\/categories?post=140743"},{"taxonomy":"post_tag","embeddable":true,"href":"https:\/\/plazajuarez.mx\/historico\/wp-json\/wp\/v2\/tags?post=140743"}],"curies":[{"name":"wp","href":"https:\/\/api.w.org\/{rel}","templated":true}]}}