{"id":140707,"date":"2020-11-15T10:03:42","date_gmt":"2020-11-15T16:03:42","guid":{"rendered":"https:\/\/plazajuarez.mx\/?p=140707"},"modified":"2020-11-15T10:03:54","modified_gmt":"2020-11-15T16:03:54","slug":"pakistan-acusa-a-india-de-estar-detras-de-atentados-terroristas","status":"publish","type":"post","link":"https:\/\/plazajuarez.mx\/historico\/pakistan-acusa-a-india-de-estar-detras-de-atentados-terroristas\/","title":{"rendered":"Pakist\u00e1n acusa a India de estar detr\u00e1s de atentados terroristas"},"content":{"rendered":"\n<p>EFE.- Islamabad acus\u00f3 ayer a la India de apoyar y financiar a grupos terroristas que est\u00e1n detr\u00e1s del repunte de la violencia en Pakist\u00e1n, un d\u00eda despu\u00e9s de un intercambio de fuego cruzado entre ambas potencias nucleares en el que murieron al menos doce personas.<\/p>\n\n\n\n<p>El enfrentamiento se produjo en la \u201cL\u00ednea de Control\u201d, la frontera de facto que separa a ambos pa\u00edses en la disputada regi\u00f3n de Cachemira.<\/p>\n\n\n\n<p>Ambos vecinos nucleares se responsabilizaron mutuamente de haber comenzado las hostilidades, entre un clima de tensi\u00f3n tras la decisi\u00f3n de Nueva Delhi de revocar en agosto del a\u00f1o pasado el estatus especial que permit\u00eda a la Cachemira india mantener su autonom\u00eda.<\/p>\n","protected":false},"excerpt":{"rendered":"<p>EFE.- Islamabad acus\u00f3 ayer a la India de apoyar y financiar a grupos terroristas que est\u00e1n detr\u00e1s del repunte de la violencia en Pakist\u00e1n, un d\u00eda despu\u00e9s de un intercambio de fuego cruzado entre ambas potencias nucleares en el que murieron al menos doce personas. El enfrentamiento se produjo en la \u201cL\u00ednea de Control\u201d, la [&hellip;]<\/p>\n","protected":false},"author":80,"featured_media":140721,"comment_status":"closed","ping_status":"open","sticky":false,"template":"","format":"standard","meta":{"footnotes":""},"categories":[31],"tags":[],"class_list":["post-140707","post","type-post","status-publish","format-standard","has-post-thumbnail","hentry","category-orbe"],"_links":{"self":[{"href":"https:\/\/plazajuarez.mx\/historico\/wp-json\/wp\/v2\/posts\/140707","targetHints":{"allow":["GET"]}}],"collection":[{"href":"https:\/\/plazajuarez.mx\/historico\/wp-json\/wp\/v2\/posts"}],"about":[{"href":"https:\/\/plazajuarez.mx\/historico\/wp-json\/wp\/v2\/types\/post"}],"author":[{"embeddable":true,"href":"https:\/\/plazajuarez.mx\/historico\/wp-json\/wp\/v2\/users\/80"}],"replies":[{"embeddable":true,"href":"https:\/\/plazajuarez.mx\/historico\/wp-json\/wp\/v2\/comments?post=140707"}],"version-history":[{"count":0,"href":"https:\/\/plazajuarez.mx\/historico\/wp-json\/wp\/v2\/posts\/140707\/revisions"}],"wp:featuredmedia":[{"embeddable":true,"href":"https:\/\/plazajuarez.mx\/historico\/wp-json\/wp\/v2\/media\/140721"}],"wp:attachment":[{"href":"https:\/\/plazajuarez.mx\/historico\/wp-json\/wp\/v2\/media?parent=140707"}],"wp:term":[{"taxonomy":"category","embeddable":true,"href":"https:\/\/plazajuarez.mx\/historico\/wp-json\/wp\/v2\/categories?post=140707"},{"taxonomy":"post_tag","embeddable":true,"href":"https:\/\/plazajuarez.mx\/historico\/wp-json\/wp\/v2\/tags?post=140707"}],"curies":[{"name":"wp","href":"https:\/\/api.w.org\/{rel}","templated":true}]}}