{"id":140705,"date":"2020-11-15T10:03:07","date_gmt":"2020-11-15T16:03:07","guid":{"rendered":"https:\/\/plazajuarez.mx\/?p=140705"},"modified":"2020-11-15T10:03:18","modified_gmt":"2020-11-15T16:03:18","slug":"armenia-perdio-mas-de-2-300-militares-en-la-guerra","status":"publish","type":"post","link":"https:\/\/plazajuarez.mx\/historico\/armenia-perdio-mas-de-2-300-militares-en-la-guerra\/","title":{"rendered":"Armenia perdi\u00f3 m\u00e1s de 2.300 militares en la guerra"},"content":{"rendered":"\n<p>EFE.- M\u00e1s de 2.300 militares armenios murieron en Nagorno Karabaj durante los 44 d\u00edas que dur\u00f3 la guerra, finalizada el 10 de noviembre, inform\u00f3 ayer el Ministerio de Sanidad armenio.<\/p>\n\n\n\n<p>Seg\u00fan la portavoz de la cartera, Alina Nikogosyan, los m\u00e9dicos forenses armenios han tenido acceso a 2.317 cuerpos de los fallecidos hasta ahora. &#8220;Entre ellos, algunos cuerpos no identificados&#8221;, escribi\u00f3 Nikogosyan en Facebook.<\/p>\n\n\n\n<p>Previamente, las autoridades hab\u00edan informado sobre 1.383 militares fallecidos durante las seis semanas de las hostilidades, \u201clas cifras no son definitivas porque &#8220;contin\u00faa el intercambio de los cuerpos&#8221;, que las partes iniciaron con la mediaci\u00f3n de Rusia esta semana.<\/p>\n","protected":false},"excerpt":{"rendered":"<p>EFE.- M\u00e1s de 2.300 militares armenios murieron en Nagorno Karabaj durante los 44 d\u00edas que dur\u00f3 la guerra, finalizada el 10 de noviembre, inform\u00f3 ayer el Ministerio de Sanidad armenio. Seg\u00fan la portavoz de la cartera, Alina Nikogosyan, los m\u00e9dicos forenses armenios han tenido acceso a 2.317 cuerpos de los fallecidos hasta ahora. &#8220;Entre ellos, [&hellip;]<\/p>\n","protected":false},"author":80,"featured_media":140720,"comment_status":"closed","ping_status":"open","sticky":false,"template":"","format":"standard","meta":{"footnotes":""},"categories":[31],"tags":[],"class_list":["post-140705","post","type-post","status-publish","format-standard","has-post-thumbnail","hentry","category-orbe"],"_links":{"self":[{"href":"https:\/\/plazajuarez.mx\/historico\/wp-json\/wp\/v2\/posts\/140705","targetHints":{"allow":["GET"]}}],"collection":[{"href":"https:\/\/plazajuarez.mx\/historico\/wp-json\/wp\/v2\/posts"}],"about":[{"href":"https:\/\/plazajuarez.mx\/historico\/wp-json\/wp\/v2\/types\/post"}],"author":[{"embeddable":true,"href":"https:\/\/plazajuarez.mx\/historico\/wp-json\/wp\/v2\/users\/80"}],"replies":[{"embeddable":true,"href":"https:\/\/plazajuarez.mx\/historico\/wp-json\/wp\/v2\/comments?post=140705"}],"version-history":[{"count":0,"href":"https:\/\/plazajuarez.mx\/historico\/wp-json\/wp\/v2\/posts\/140705\/revisions"}],"wp:featuredmedia":[{"embeddable":true,"href":"https:\/\/plazajuarez.mx\/historico\/wp-json\/wp\/v2\/media\/140720"}],"wp:attachment":[{"href":"https:\/\/plazajuarez.mx\/historico\/wp-json\/wp\/v2\/media?parent=140705"}],"wp:term":[{"taxonomy":"category","embeddable":true,"href":"https:\/\/plazajuarez.mx\/historico\/wp-json\/wp\/v2\/categories?post=140705"},{"taxonomy":"post_tag","embeddable":true,"href":"https:\/\/plazajuarez.mx\/historico\/wp-json\/wp\/v2\/tags?post=140705"}],"curies":[{"name":"wp","href":"https:\/\/api.w.org\/{rel}","templated":true}]}}