{"id":140704,"date":"2020-11-15T10:02:26","date_gmt":"2020-11-15T16:02:26","guid":{"rendered":"https:\/\/plazajuarez.mx\/?p=140704"},"modified":"2020-11-15T10:02:41","modified_gmt":"2020-11-15T16:02:41","slug":"espanoles-idean-sistema-para-limpiar-el-aire-de-coronavirus","status":"publish","type":"post","link":"https:\/\/plazajuarez.mx\/historico\/espanoles-idean-sistema-para-limpiar-el-aire-de-coronavirus\/","title":{"rendered":"Espa\u00f1oles idean sistema para limpiar el aire de coronavirus"},"content":{"rendered":"\n<p>EFE.- Con un ventilador de supermercado y un filtro similar a los que usan los aires acondicionados, un grupo de investigadores espa\u00f1oles ha ideado un sistema para limpiar el aire de aerosoles de un aula escolar est\u00e1ndar y evitar contagios de coronavirus por unos mil pesos mexicanos.<\/p>\n\n\n\n<p><strong>RESTAURANTES FRANCESES RECURREN SU CIERRE A LA JUSTICIA&nbsp;<\/strong><\/p>\n\n\n\n<p>La principal organizaci\u00f3n profesional en Francia de restaurantes, bares y caf\u00e9s anunci\u00f3 ayer que van a denunciar ante la justicia el cierre administrativo decretado para sus negocios desde el inicio del confinamiento domiciliario en vigor desde el 30 de octubre.<\/p>\n\n\n\n<p><strong>FIESTA HIND\u00da DE DIWALI ENSOMBRECIDA POR LA COVID-19<\/strong><\/p>\n\n\n\n<p>La India celebr\u00f3 ayer la fiesta de Diwali, que marca la llegada del a\u00f1o nuevo para el hinduismo, con casas y calles cubiertas de un manto de luces, una festividad empa\u00f1ada por la pandemia. Se teme que las visitas a familiares y las tradicionales compras previas a la festividad, con el abarrotamiento de los mercados que suponen, sean el caldo de cultivo perfecto para una nueva ola de la COVID-19. La India contabiliza ya 8,7 millones de contagios.<\/p>\n\n\n\n<p><strong>POLONIA REGISTRA EL M\u00c1XIMO DE CONTAGIOS EN UN D\u00cdA&nbsp;<\/strong><\/p>\n\n\n\n<p>Las autoridades sanitarias polacas verificaron ayer 548 v\u00edctimas mortales con o por el coronavirus en las \u00faltimas 24 horas, lo que supone el m\u00e1ximo n\u00famero de fallecidos en un d\u00eda en ese pa\u00eds desde el inicio de la pandemia.<\/p>\n\n\n\n<p><strong>FRANCIA TEME RETICENCIA DE LA POBLACI\u00d3N A VACUNAS COVID&nbsp;<\/strong><\/p>\n\n\n\n<p>El primer ministro franc\u00e9s, Jean Castex, considera que hay que ser prudente ante la perspectiva de las vacunas contra el coronavirus y dice temer cuando lleguen las reticencias de la poblaci\u00f3n, que podr\u00edan poner en peligro el objetivo de una inmunidad colectiva. &#8220;Mi temor es que los franceses no se vacunen lo suficiente&#8221;, se\u00f1al\u00f3 Castex en entrevista.&nbsp;<\/p>\n","protected":false},"excerpt":{"rendered":"<p>EFE.- Con un ventilador de supermercado y un filtro similar a los que usan los aires acondicionados, un grupo de investigadores espa\u00f1oles ha ideado un sistema para limpiar el aire de aerosoles de un aula escolar est\u00e1ndar y evitar contagios de coronavirus por unos mil pesos mexicanos. RESTAURANTES FRANCESES RECURREN SU CIERRE A LA JUSTICIA&nbsp; [&hellip;]<\/p>\n","protected":false},"author":80,"featured_media":140719,"comment_status":"closed","ping_status":"open","sticky":false,"template":"","format":"standard","meta":{"footnotes":""},"categories":[31],"tags":[],"class_list":["post-140704","post","type-post","status-publish","format-standard","has-post-thumbnail","hentry","category-orbe"],"_links":{"self":[{"href":"https:\/\/plazajuarez.mx\/historico\/wp-json\/wp\/v2\/posts\/140704","targetHints":{"allow":["GET"]}}],"collection":[{"href":"https:\/\/plazajuarez.mx\/historico\/wp-json\/wp\/v2\/posts"}],"about":[{"href":"https:\/\/plazajuarez.mx\/historico\/wp-json\/wp\/v2\/types\/post"}],"author":[{"embeddable":true,"href":"https:\/\/plazajuarez.mx\/historico\/wp-json\/wp\/v2\/users\/80"}],"replies":[{"embeddable":true,"href":"https:\/\/plazajuarez.mx\/historico\/wp-json\/wp\/v2\/comments?post=140704"}],"version-history":[{"count":0,"href":"https:\/\/plazajuarez.mx\/historico\/wp-json\/wp\/v2\/posts\/140704\/revisions"}],"wp:featuredmedia":[{"embeddable":true,"href":"https:\/\/plazajuarez.mx\/historico\/wp-json\/wp\/v2\/media\/140719"}],"wp:attachment":[{"href":"https:\/\/plazajuarez.mx\/historico\/wp-json\/wp\/v2\/media?parent=140704"}],"wp:term":[{"taxonomy":"category","embeddable":true,"href":"https:\/\/plazajuarez.mx\/historico\/wp-json\/wp\/v2\/categories?post=140704"},{"taxonomy":"post_tag","embeddable":true,"href":"https:\/\/plazajuarez.mx\/historico\/wp-json\/wp\/v2\/tags?post=140704"}],"curies":[{"name":"wp","href":"https:\/\/api.w.org\/{rel}","templated":true}]}}