{"id":140703,"date":"2020-11-15T10:01:46","date_gmt":"2020-11-15T16:01:46","guid":{"rendered":"https:\/\/plazajuarez.mx\/?p=140703"},"modified":"2020-11-15T10:02:01","modified_gmt":"2020-11-15T16:02:01","slug":"brasil-se-entrena-suave-tras-el-triunfo-ante-venezuela-y-ya-piensa-en-uruguay","status":"publish","type":"post","link":"https:\/\/plazajuarez.mx\/historico\/brasil-se-entrena-suave-tras-el-triunfo-ante-venezuela-y-ya-piensa-en-uruguay\/","title":{"rendered":"Brasil se entrena suave tras el triunfo ante Venezuela y ya piensa en Uruguay"},"content":{"rendered":"\n<p>(EFE).- La selecci\u00f3n brasile\u00f1a se entren\u00f3 este s\u00e1bado en forma ligera tras vencer a Venezuela y con la mente puesta en Uruguay, su pr\u00f3ximo rival en las eliminatorias suramericanas del Mundial de Catar 2022.<\/p>\n\n\n\n<p>El equipo dirigido por Adenor Leonardo Bacchi, &#8216;Tite&#8217;, se limit\u00f3 a una pr\u00e1ctica sin mucho esfuerzo y a ejercicios de recuperaci\u00f3n, tras la apretada victoria ante Venezuela por 1-0, un resultado m\u00e1s que ajustado, pero que dej\u00f3 a los brasile\u00f1os como l\u00edderes solitarios de la eliminatoria.<\/p>\n\n\n\n<p>Brasil suma ahora nueve puntos, dos m\u00e1s que Argentina, y sigue invicto en el camino hacia Catar tras haber derrotado en las dos primeras jornadas a Bolivia por 5-0 y a Per\u00fa epor 2-4 en Lima.<\/p>\n\n\n\n<p>Tite a\u00fan no ha dado pistas sobre el equipo que enfrentar\u00e1 en Montevideo a la Celeste, que en la tercera jornada anul\u00f3 a la selecci\u00f3n colombiana en Barranquilla y se impuso por 0-3 con goles de Edinson Cavani, Luis Su\u00e1rez y Darwin N\u00fa\u00f1ez.<\/p>\n\n\n\n<p>Con esa victoria, Uruguay se sit\u00faa en el cuarto lugar de la clasificaci\u00f3n, y si se hizo fuerte en Colombia, se espera que sea a\u00fan m\u00e1s dura en Montevideo contra los brasile\u00f1os, con los que mantiene una vieja rivalidad.<\/p>\n\n\n\n<p>La buena noticia para Tite es que el equipo no tiene m\u00e1s bajas por ahora y que, tras el partido con Venezuela, que Brasil gan\u00f3 con gol de Roberto Firmino en la segunda etapa, no hay m\u00e1s lesionados.<\/p>\n\n\n\n<p>El entrenador brasile\u00f1o ha tenido m\u00e1s de un dolor de cabeza en los \u00faltimos d\u00edas y no ha podido contar con varios de sus habituales titulares, entre ellos Neymar, quien esta semana se incorpor\u00f3 a la selecci\u00f3n con una lesi\u00f3n sufrida en el PSG, pero finalmente fue separado del equipo pues su recuperaci\u00f3n a\u00fan requerir\u00e1 de unos d\u00edas.<\/p>\n\n\n\n<p>Antes, tambi\u00e9n por sendas lesiones, ya hab\u00eda debido renunciar a contar con Philippe Coutinho (Barcelona), Fabinho (Liverpool) y Rodrigo Caio (Flamengo).<\/p>\n\n\n\n<p>A esas bajas se sumaron las de Casemiro y \u00c9der Militao, ambos del Real Madrid y desconvocados despu\u00e9s de que contrajeron covid-19, una enfermedad que tambi\u00e9n sufre el centrocampista Gabriel Menino, del Palmeiras, y separado del grupo el pasado jueves.<\/p>\n\n\n\n<p>Debido al positivo de Menino, detectado cuando ya llevaba dos d\u00edas en la &#8216;burbuja&#8217; de la selecci\u00f3n, todos los jugadores y todo el cuerpo t\u00e9cnico fueron sometidos este s\u00e1bado a nuevos ex\u00e1menes para descartar la presencia del coronavirus.<\/p>\n\n\n\n<p>La selecci\u00f3n brasile\u00f1a permanecer\u00e1 en Sao Paulo hasta el pr\u00f3ximo lunes, cuando tiene previsto viajar hacia Montevideo para el partido ante Uruguay, que para ambas selecciones ser\u00e1 el \u00faltimo de 2020. EFE<\/p>\n","protected":false},"excerpt":{"rendered":"<p>(EFE).- La selecci\u00f3n brasile\u00f1a se entren\u00f3 este s\u00e1bado en forma ligera tras vencer a Venezuela y con la mente puesta en Uruguay, su pr\u00f3ximo rival en las eliminatorias suramericanas del Mundial de Catar 2022. El equipo dirigido por Adenor Leonardo Bacchi, &#8216;Tite&#8217;, se limit\u00f3 a una pr\u00e1ctica sin mucho esfuerzo y a ejercicios de recuperaci\u00f3n, [&hellip;]<\/p>\n","protected":false},"author":80,"featured_media":140718,"comment_status":"closed","ping_status":"open","sticky":false,"template":"","format":"standard","meta":{"footnotes":""},"categories":[39],"tags":[],"class_list":["post-140703","post","type-post","status-publish","format-standard","has-post-thumbnail","hentry","category-deportiva"],"_links":{"self":[{"href":"https:\/\/plazajuarez.mx\/historico\/wp-json\/wp\/v2\/posts\/140703","targetHints":{"allow":["GET"]}}],"collection":[{"href":"https:\/\/plazajuarez.mx\/historico\/wp-json\/wp\/v2\/posts"}],"about":[{"href":"https:\/\/plazajuarez.mx\/historico\/wp-json\/wp\/v2\/types\/post"}],"author":[{"embeddable":true,"href":"https:\/\/plazajuarez.mx\/historico\/wp-json\/wp\/v2\/users\/80"}],"replies":[{"embeddable":true,"href":"https:\/\/plazajuarez.mx\/historico\/wp-json\/wp\/v2\/comments?post=140703"}],"version-history":[{"count":0,"href":"https:\/\/plazajuarez.mx\/historico\/wp-json\/wp\/v2\/posts\/140703\/revisions"}],"wp:featuredmedia":[{"embeddable":true,"href":"https:\/\/plazajuarez.mx\/historico\/wp-json\/wp\/v2\/media\/140718"}],"wp:attachment":[{"href":"https:\/\/plazajuarez.mx\/historico\/wp-json\/wp\/v2\/media?parent=140703"}],"wp:term":[{"taxonomy":"category","embeddable":true,"href":"https:\/\/plazajuarez.mx\/historico\/wp-json\/wp\/v2\/categories?post=140703"},{"taxonomy":"post_tag","embeddable":true,"href":"https:\/\/plazajuarez.mx\/historico\/wp-json\/wp\/v2\/tags?post=140703"}],"curies":[{"name":"wp","href":"https:\/\/api.w.org\/{rel}","templated":true}]}}