{"id":140701,"date":"2020-11-15T09:58:03","date_gmt":"2020-11-15T15:58:03","guid":{"rendered":"https:\/\/plazajuarez.mx\/?p=140701"},"modified":"2020-11-15T09:58:16","modified_gmt":"2020-11-15T15:58:16","slug":"arranca-la-feria-del-libro-de-miami-sin-casetas-pero-con-confianza","status":"publish","type":"post","link":"https:\/\/plazajuarez.mx\/historico\/arranca-la-feria-del-libro-de-miami-sin-casetas-pero-con-confianza\/","title":{"rendered":"Arranca la Feria del Libro de Miami sin casetas, pero con confianza"},"content":{"rendered":"\n<p>(EFE).- Cerca de trescientos autores de todo el mundo, 61 de ellos en espa\u00f1ol, participan a partir de este domingo en la Feria del libro de Miami, pero ser\u00e1 de forma virtual, sin la presencia de puestos de venta ni el ambiente festivo y bullicioso que la caracteriza.<\/p>\n\n\n\n<p>Est\u00e1 edici\u00f3n llega pregrabada y a la carta digital, sin el fundamental valor del encuentro personal, pero con multitud de entrevistas con autores y editores, presentaci\u00f3n de novedades y la expectativa de &#8220;atraer incluso a m\u00e1s p\u00fablico del habitual&#8221;, resalt\u00f3 a Efe Sergio Andrica\u00edn, director de la programaci\u00f3n en espa\u00f1ol.<\/p>\n\n\n\n<p>Hasta el pr\u00f3ximo 22 de noviembre, m\u00e1s de 170 autores en ingl\u00e9s y 61 en espa\u00f1ol conversar\u00e1n y debatir\u00e1n por videoconferencia sobre su obra o aspectos espec\u00edficos de la industria del libro.<\/p>\n","protected":false},"excerpt":{"rendered":"<p>(EFE).- Cerca de trescientos autores de todo el mundo, 61 de ellos en espa\u00f1ol, participan a partir de este domingo en la Feria del libro de Miami, pero ser\u00e1 de forma virtual, sin la presencia de puestos de venta ni el ambiente festivo y bullicioso que la caracteriza. Est\u00e1 edici\u00f3n llega pregrabada y a la [&hellip;]<\/p>\n","protected":false},"author":80,"featured_media":140714,"comment_status":"closed","ping_status":"open","sticky":false,"template":"","format":"standard","meta":{"footnotes":""},"categories":[41],"tags":[],"class_list":["post-140701","post","type-post","status-publish","format-standard","has-post-thumbnail","hentry","category-arteria-cultural"],"_links":{"self":[{"href":"https:\/\/plazajuarez.mx\/historico\/wp-json\/wp\/v2\/posts\/140701","targetHints":{"allow":["GET"]}}],"collection":[{"href":"https:\/\/plazajuarez.mx\/historico\/wp-json\/wp\/v2\/posts"}],"about":[{"href":"https:\/\/plazajuarez.mx\/historico\/wp-json\/wp\/v2\/types\/post"}],"author":[{"embeddable":true,"href":"https:\/\/plazajuarez.mx\/historico\/wp-json\/wp\/v2\/users\/80"}],"replies":[{"embeddable":true,"href":"https:\/\/plazajuarez.mx\/historico\/wp-json\/wp\/v2\/comments?post=140701"}],"version-history":[{"count":0,"href":"https:\/\/plazajuarez.mx\/historico\/wp-json\/wp\/v2\/posts\/140701\/revisions"}],"wp:featuredmedia":[{"embeddable":true,"href":"https:\/\/plazajuarez.mx\/historico\/wp-json\/wp\/v2\/media\/140714"}],"wp:attachment":[{"href":"https:\/\/plazajuarez.mx\/historico\/wp-json\/wp\/v2\/media?parent=140701"}],"wp:term":[{"taxonomy":"category","embeddable":true,"href":"https:\/\/plazajuarez.mx\/historico\/wp-json\/wp\/v2\/categories?post=140701"},{"taxonomy":"post_tag","embeddable":true,"href":"https:\/\/plazajuarez.mx\/historico\/wp-json\/wp\/v2\/tags?post=140701"}],"curies":[{"name":"wp","href":"https:\/\/api.w.org\/{rel}","templated":true}]}}