{"id":140698,"date":"2020-11-15T09:56:44","date_gmt":"2020-11-15T15:56:44","guid":{"rendered":"https:\/\/plazajuarez.mx\/?p=140698"},"modified":"2020-11-15T09:56:59","modified_gmt":"2020-11-15T15:56:59","slug":"guillermo-del-toro-vivimos-momentos-de-devastacion-y-division-en-el-mundo","status":"publish","type":"post","link":"https:\/\/plazajuarez.mx\/historico\/guillermo-del-toro-vivimos-momentos-de-devastacion-y-division-en-el-mundo\/","title":{"rendered":"Guillermo del Toro: &#8220;Vivimos momentos de devastaci\u00f3n y divisi\u00f3n en el mundo&#8221;"},"content":{"rendered":"\n<p>(EFE).- Los multigalardonados directores mexicanos Alfonso Cuar\u00f3n y Guillermo del Toro mantuvieron este viernes una conversaci\u00f3n \u00edntima donde reflexionaron sobre su trayectoria personal y profesional, as\u00ed como la realidad actual pol\u00edtica y social y el camino de las nuevas generaciones.<\/p>\n\n\n\n<p>&#8220;Estamos viviendo un momento de devastaci\u00f3n y de divisi\u00f3n (en el mundo), constantemente nos est\u00e1n diciendo todo lo diferentes que somos, hay una destrucci\u00f3n de la unidad muy fuerte&#8221;, expres\u00f3 del Toro sobre uno de sus temores actuales en torno al rumbo que ha tomado el poder a nivel mundial.<\/p>\n\n\n\n<p>Durante el di\u00e1logo virtual que mantuvo Del Toro con Cuar\u00f3n en &#8220;Monstruos y silencios: narrativas para un siglo turbulento&#8221;, los creadores mostraron su preocupaci\u00f3n por los j\u00f3venes y las condiciones tan complicadas con las que enfrentan la vida.<\/p>\n\n\n\n<p>Pese a ello, el director de &#8220;Roma&#8221; (2018) resalt\u00f3 que se trata de una generaci\u00f3n con la posibilidad de &#8220;pensar lo impensable&#8221;.<\/p>\n\n\n\n<p>&#8220;Es una generaci\u00f3n que es muy vibrante y con todas las adversidades que est\u00e1 viviendo est\u00e1 encontrando posibilidades y de ah\u00ed ellos pueden pensar lo impensable, nosotros desde el punto de vista del miedo no lo vamos a pensar&#8221;, destac\u00f3 Cuar\u00f3n.<\/p>\n\n\n\n<p>La conversaci\u00f3n se fue tejiendo a partir de un recuento de sus propias vidas, sus recorridos profesionales, sus \u00e9xitos y sus derrotas, as\u00ed como sus nuevas aspiraciones a la hora de hacer cine.<\/p>\n\n\n\n<p>&#8220;Lo que yo busco son dos cosas, la vida y los otros&#8221;, asegur\u00f3 Del Toro sobre sus intenciones actuales, mientras que Cuar\u00f3n hizo \u00e9nfasis en su inter\u00e9s por el conjunto simb\u00f3lico de las pel\u00edculas m\u00e1s all\u00e1 de los detalles narrativos y t\u00e9cnicos.<\/p>\n","protected":false},"excerpt":{"rendered":"<p>(EFE).- Los multigalardonados directores mexicanos Alfonso Cuar\u00f3n y Guillermo del Toro mantuvieron este viernes una conversaci\u00f3n \u00edntima donde reflexionaron sobre su trayectoria personal y profesional, as\u00ed como la realidad actual pol\u00edtica y social y el camino de las nuevas generaciones. &#8220;Estamos viviendo un momento de devastaci\u00f3n y de divisi\u00f3n (en el mundo), constantemente nos est\u00e1n [&hellip;]<\/p>\n","protected":false},"author":80,"featured_media":140713,"comment_status":"closed","ping_status":"open","sticky":false,"template":"","format":"standard","meta":{"footnotes":""},"categories":[41],"tags":[],"class_list":["post-140698","post","type-post","status-publish","format-standard","has-post-thumbnail","hentry","category-arteria-cultural"],"_links":{"self":[{"href":"https:\/\/plazajuarez.mx\/historico\/wp-json\/wp\/v2\/posts\/140698","targetHints":{"allow":["GET"]}}],"collection":[{"href":"https:\/\/plazajuarez.mx\/historico\/wp-json\/wp\/v2\/posts"}],"about":[{"href":"https:\/\/plazajuarez.mx\/historico\/wp-json\/wp\/v2\/types\/post"}],"author":[{"embeddable":true,"href":"https:\/\/plazajuarez.mx\/historico\/wp-json\/wp\/v2\/users\/80"}],"replies":[{"embeddable":true,"href":"https:\/\/plazajuarez.mx\/historico\/wp-json\/wp\/v2\/comments?post=140698"}],"version-history":[{"count":0,"href":"https:\/\/plazajuarez.mx\/historico\/wp-json\/wp\/v2\/posts\/140698\/revisions"}],"wp:featuredmedia":[{"embeddable":true,"href":"https:\/\/plazajuarez.mx\/historico\/wp-json\/wp\/v2\/media\/140713"}],"wp:attachment":[{"href":"https:\/\/plazajuarez.mx\/historico\/wp-json\/wp\/v2\/media?parent=140698"}],"wp:term":[{"taxonomy":"category","embeddable":true,"href":"https:\/\/plazajuarez.mx\/historico\/wp-json\/wp\/v2\/categories?post=140698"},{"taxonomy":"post_tag","embeddable":true,"href":"https:\/\/plazajuarez.mx\/historico\/wp-json\/wp\/v2\/tags?post=140698"}],"curies":[{"name":"wp","href":"https:\/\/api.w.org\/{rel}","templated":true}]}}