{"id":140435,"date":"2020-11-13T07:19:28","date_gmt":"2020-11-13T13:19:28","guid":{"rendered":"https:\/\/plazajuarez.mx\/?p=140435"},"modified":"2020-11-13T07:19:45","modified_gmt":"2020-11-13T13:19:45","slug":"retratos-hablados-1005","status":"publish","type":"post","link":"https:\/\/plazajuarez.mx\/historico\/retratos-hablados-1005\/","title":{"rendered":"RETRATOS HABLADOS"},"content":{"rendered":"\n<h2 class=\"wp-block-heading\"><strong>La tragedia de la indiferencia<\/strong><\/h2>\n\n\n\n<p>El poema ha sido adjudicado durante a\u00f1os y a\u00f1os al dramaturgo alem\u00e1n Bertold Brecht, aunque en realidad fue escrito por el pastor protestante Martin Niem\u00f6ller, muerto en los campos de concentraci\u00f3n del nazismo. Le pido que lo leamos:<\/p>\n\n\n\n<p><em>Primero se llevaron a los jud\u00edos,<\/em><em><br><\/em><em>pero como yo no era jud\u00edo, no me import\u00f3.<\/em><em><br><\/em><em>Despu\u00e9s se llevaron a los comunistas,<\/em><em><br><\/em><em>pero como yo no era comunista, tampoco me import\u00f3.<\/em><em><br><\/em><em>Luego se llevaron a los obreros,<\/em><em><br><\/em><em>pero como yo no era obrero, tampoco me import\u00f3.<\/em><em><br><\/em><em>M\u00e1s tarde se llevaron a los intelectuales,<\/em><em><br><\/em><em>pero como yo no era intelectual, tampoco me import\u00f3.<\/em><em><br><\/em><em>Despu\u00e9s siguieron con los curas,<\/em><em><br><\/em><em>pero como yo no era cura, tampoco me import\u00f3.<\/em><em><br><\/em><em>Ahora vienen por mi, pero es demasiado tarde.<\/em><\/p>\n\n\n\n<p>Pocas veces la humanidad ha descubierto de manera tan directa los efectos directos de la indiferencia humana denunciada&nbsp; por Niem\u00f6ller, esa que siempre justifica: \u201cen cuanto no afecte a mi familia o a mis seres queridos, no tengo por qu\u00e9 intervenir en algo que no es de mi incumbencia\u201d.<\/p>\n\n\n\n<p>Los que hoy mismo mueren v\u00edctimas de la violencia bestial desatada por el crimen organizado en nuestro pa\u00eds, los que se llevan una tarde cualquiera y aparecen muertos a la semana con claros signos de tortura, \u201cser\u00e1 porque algo deb\u00edan\u201d, y luego entonces nada tengo que ver con ellos, y luego entonces no me importa.<\/p>\n\n\n\n<p>Si en este a\u00f1o van a sumar \u00a1cien mil mexicanos muertos!, por la pandemia del Covid-19, siempre ser\u00e1 constante la afirmaci\u00f3n, \u201csi a los m\u00edos no les toca\u2026 tampoco me importa\u201d. Y no importa averiguar si atr\u00e1s de tantos fallecimientos hay alguna responsabilidad del ciudadano, tan evocado en los momentos pol\u00edticos, de los que ten\u00edan como responsabilidad que el pa\u00eds quedara convertido en un campo santo.<\/p>\n\n\n\n<p>El enclaustramiento ha fomentado como nunca el sentido de indiferencia a lo que no me afecta, con todos los que formamos parte de una misma sociedad.<\/p>\n\n\n\n<p>Nunca en toda su historia, M\u00e9xico hab\u00eda ca\u00eddo de manera tan brutal en la espiral criminal de la indiferencia, en la que se construyen fortalezas en las cuatro paredes de una habitaci\u00f3n o una vivienda por donde no puede ni debe pasar nada que contacte con el exterior, \u201cporque en tanto otros sean los se lleva la muerte, no me importa\u201d, en un adelanto de lo que har\u00e1n los otros si la muerte, vestida de virus o criminal, toca a mi puerta.<\/p>\n\n\n\n<p>Hoy mismo creemos que la lucha por alcanzar las utop\u00edas de solidaridad humana son asunto perdido, y que lo que anticipamos como la extinci\u00f3n de la vida en sociedad implica la deshumanizaci\u00f3n para alcanzar la indiferencia absoluta en la que llegamos a una existencia por la que estamos condenados a transitar sin ning\u00fan sentido.<\/p>\n\n\n\n<p><strong>Pero no es as\u00ed<\/strong><\/p>\n\n\n\n<p><strong><\/strong>Hoy como nunca debe reiniciarse el camino para buscar transitar por la democracia real que implica la edificaci\u00f3n de nuevas relaciones interpersonales fundamentadas en la tolerancia, el respeto, el di\u00e1logo y el reconocimiento mutuo de los derechos y responsabilidades.<\/p>\n\n\n\n<p>Hay tiempo para rescatar para el ejercicio de la pol\u00edtica los elementos anotados. Siempre hay tiempo para que nunca seamos protagonistas de la t\u00e9trica escena que describe el texto de Niem\u00f6ller: \u201cahora vienen por mi, pero es demasiado tarde\u201d.<\/p>\n\n\n\n<p>Mil gracias, hasta el pr\u00f3ximo lunes.<\/p>\n\n\n\n<p><a href=\"mailto:jeperalta@plazajuarez.mx\/historico\/historico\">jeperalta@plazajuarez.mx\/historico\/historico<\/a><\/p>\n\n\n\n<p>@JavierEPeralta<\/p>\n","protected":false},"excerpt":{"rendered":"<p>La tragedia de la indiferencia El poema ha sido adjudicado durante a\u00f1os y a\u00f1os al dramaturgo alem\u00e1n Bertold Brecht, aunque en realidad fue escrito por el pastor protestante Martin Niem\u00f6ller, muerto en los campos de concentraci\u00f3n del nazismo. Le pido que lo leamos: Primero se llevaron a los jud\u00edos,pero como yo no era jud\u00edo, no [&hellip;]<\/p>\n","protected":false},"author":10,"featured_media":0,"comment_status":"closed","ping_status":"open","sticky":false,"template":"","format":"standard","meta":{"footnotes":""},"categories":[49,42],"tags":[],"class_list":["post-140435","post","type-post","status-publish","format-standard","hentry","category-javier-peralta","category-nuestrapalabra"],"_links":{"self":[{"href":"https:\/\/plazajuarez.mx\/historico\/wp-json\/wp\/v2\/posts\/140435","targetHints":{"allow":["GET"]}}],"collection":[{"href":"https:\/\/plazajuarez.mx\/historico\/wp-json\/wp\/v2\/posts"}],"about":[{"href":"https:\/\/plazajuarez.mx\/historico\/wp-json\/wp\/v2\/types\/post"}],"author":[{"embeddable":true,"href":"https:\/\/plazajuarez.mx\/historico\/wp-json\/wp\/v2\/users\/10"}],"replies":[{"embeddable":true,"href":"https:\/\/plazajuarez.mx\/historico\/wp-json\/wp\/v2\/comments?post=140435"}],"version-history":[{"count":0,"href":"https:\/\/plazajuarez.mx\/historico\/wp-json\/wp\/v2\/posts\/140435\/revisions"}],"wp:attachment":[{"href":"https:\/\/plazajuarez.mx\/historico\/wp-json\/wp\/v2\/media?parent=140435"}],"wp:term":[{"taxonomy":"category","embeddable":true,"href":"https:\/\/plazajuarez.mx\/historico\/wp-json\/wp\/v2\/categories?post=140435"},{"taxonomy":"post_tag","embeddable":true,"href":"https:\/\/plazajuarez.mx\/historico\/wp-json\/wp\/v2\/tags?post=140435"}],"curies":[{"name":"wp","href":"https:\/\/api.w.org\/{rel}","templated":true}]}}