{"id":140429,"date":"2020-11-12T18:10:54","date_gmt":"2020-11-13T00:10:54","guid":{"rendered":"https:\/\/plazajuarez.mx\/?p=140429"},"modified":"2020-11-13T06:37:55","modified_gmt":"2020-11-13T12:37:55","slug":"saneamiento-del-agua-y-recorte-presupuestario-federal-temas-preocupantes-para-asael-hernandez","status":"publish","type":"post","link":"https:\/\/plazajuarez.mx\/historico\/saneamiento-del-agua-y-recorte-presupuestario-federal-temas-preocupantes-para-asael-hernandez\/","title":{"rendered":"Saneamiento del agua y recorte presupuestario federal: temas preocupantes para Asael Hern\u00e1ndez"},"content":{"rendered":"\n<p>El presidente de la Junta de Gobierno de la LXIV Legislatura de Hidalgo, el diputado Asael Hern\u00e1ndez Cer\u00f3n, pidi\u00f3 en tribuna que se modifique la Ley para la Protecci\u00f3n al Medio Ambiente del Estado de Hidalgo, en materia de saneamiento de aguas residuales.<\/p>\n\n\n\n<p>Durante su participaci\u00f3n, declar\u00f3 que \u201cel agua es un bien de orden p\u00fablico e inter\u00e9s social, que ya es considerado como asunto de seguridad nacional por estar vinculado con la salud y el bienestar de las personas\u201d. Agreg\u00f3 que si bien, en nuestra entidad son 56 plantas de tratamiento las que se encuentran en operaci\u00f3n, el problema de las aguas residuales es creciente y no se tiene certeza de cu\u00e1l es la calidad del agua tratada.<\/p>\n\n\n\n<p>\u201cEn ese sentido, la iniciativa [\u2026] pretende establecer con mayor claridad, disposiciones que coadyuven al mejor tratamiento de las aguas residuales, as\u00ed como vigilar el eficaz funcionamiento de las plantas de tratamiento, y que \u00e9stas sean operadas por personal debidamente calificado\u201d, contextualiz\u00f3.<\/p>\n\n\n\n<p>Con la reforma a la citada ley, el diputado Asael Hern\u00e1ndez Cer\u00f3n busca que haya una regulaci\u00f3n para el destino de aguas residuales, ajust\u00e1ndose a las Normas Oficiales Mexicanas, para as\u00ed establecer los l\u00edmites m\u00e1ximos permisibles, instrumentos de control, programa de monitoreo, evaluaci\u00f3n y difusi\u00f3n de resultados. A esto se a\u00f1adi\u00f3 que es necesario enfocarse en la calidad del agua tratada.<\/p>\n\n\n\n<p>Durante la sesi\u00f3n, Hern\u00e1ndez Cer\u00f3n tambi\u00e9n se sum\u00f3 al posicionamiento presentado por las Legisladoras del Grupo Parlamentario del Partido Acci\u00f3n Nacional (PAN), Claudia Lilia Luna Islas y Mar\u00eda Teodora Islas Espinoza, quienes expresaron su preocupaci\u00f3n a los recortes que realiza el Gobierno Federal a temas prioritarios en el Presupuesto de Egresos de la Federaci\u00f3n para el Ejercicio Fiscal 2021.<\/p>\n\n\n\n<p>&nbsp;\u201cEs una tarea de todos sin importar colores, sin importar ideolog\u00edas partidistas, y lo que hoy se pretende hacer en el Congreso de la Uni\u00f3n, [\u2026] es algo que nos debe preocupar, m\u00e1s all\u00e1 del partido al que pertenezcamos\u201d, se\u00f1al\u00f3 el diputado Asael Hern\u00e1ndez. Tambi\u00e9n afirm\u00f3 que, aunque no es una atribuci\u00f3n del Legislativo local, s\u00ed que es necesario que las y los diputados federales puedan escuchar a los idalguenses.&nbsp;<\/p>\n\n\n\n<p>Al final de su participaci\u00f3n, hizo hincapi\u00e9 en el problema que conlleva el recorte al tema de seguridad dentro del Presupuesto de Egresos, pues este \u201ces un tema prioritario para poder alcanzar una mejor calidad de vida para todos los mexicanos. Que hoy se tome la decisi\u00f3n [\u2026] de borrar esos recursos, creo que [de esta manera] vamos hacia atr\u00e1s y es evidente\u201d.<\/p>\n","protected":false},"excerpt":{"rendered":"<p>El presidente de la Junta de Gobierno de la LXIV Legislatura de Hidalgo, el diputado Asael Hern\u00e1ndez Cer\u00f3n, pidi\u00f3 en tribuna que se modifique la Ley para la Protecci\u00f3n al Medio Ambiente del Estado de Hidalgo, en materia de saneamiento de aguas residuales. Durante su participaci\u00f3n, declar\u00f3 que \u201cel agua es un bien de orden [&hellip;]<\/p>\n","protected":false},"author":93,"featured_media":140430,"comment_status":"closed","ping_status":"open","sticky":false,"template":"","format":"standard","meta":{"footnotes":""},"categories":[15,59],"tags":[],"class_list":["post-140429","post","type-post","status-publish","format-standard","has-post-thumbnail","hentry","category-destacadas","category-general"],"_links":{"self":[{"href":"https:\/\/plazajuarez.mx\/historico\/wp-json\/wp\/v2\/posts\/140429","targetHints":{"allow":["GET"]}}],"collection":[{"href":"https:\/\/plazajuarez.mx\/historico\/wp-json\/wp\/v2\/posts"}],"about":[{"href":"https:\/\/plazajuarez.mx\/historico\/wp-json\/wp\/v2\/types\/post"}],"author":[{"embeddable":true,"href":"https:\/\/plazajuarez.mx\/historico\/wp-json\/wp\/v2\/users\/93"}],"replies":[{"embeddable":true,"href":"https:\/\/plazajuarez.mx\/historico\/wp-json\/wp\/v2\/comments?post=140429"}],"version-history":[{"count":0,"href":"https:\/\/plazajuarez.mx\/historico\/wp-json\/wp\/v2\/posts\/140429\/revisions"}],"wp:featuredmedia":[{"embeddable":true,"href":"https:\/\/plazajuarez.mx\/historico\/wp-json\/wp\/v2\/media\/140430"}],"wp:attachment":[{"href":"https:\/\/plazajuarez.mx\/historico\/wp-json\/wp\/v2\/media?parent=140429"}],"wp:term":[{"taxonomy":"category","embeddable":true,"href":"https:\/\/plazajuarez.mx\/historico\/wp-json\/wp\/v2\/categories?post=140429"},{"taxonomy":"post_tag","embeddable":true,"href":"https:\/\/plazajuarez.mx\/historico\/wp-json\/wp\/v2\/tags?post=140429"}],"curies":[{"name":"wp","href":"https:\/\/api.w.org\/{rel}","templated":true}]}}