{"id":140425,"date":"2020-11-12T20:38:42","date_gmt":"2020-11-13T02:38:42","guid":{"rendered":"https:\/\/plazajuarez.mx\/?p=140425"},"modified":"2020-11-12T20:38:52","modified_gmt":"2020-11-13T02:38:52","slug":"mexico-supera-los-991-mil-casos-de-covid-19-hay-97-mil-muertes","status":"publish","type":"post","link":"https:\/\/plazajuarez.mx\/historico\/mexico-supera-los-991-mil-casos-de-covid-19-hay-97-mil-muertes\/","title":{"rendered":"M\u00e9xico supera los 991 mil casos de Covid-19; hay 97 mil muertes"},"content":{"rendered":"\n<p>M\u00e9xico acumul\u00f3, al corte de este 12 de noviembre, 97 mil 56 muertes por Covid-19, con 991 mil 835 casos de contagios confirmados de coronavirus, seg\u00fan informaron autoridades de la Secretar\u00eda de Salud (Ssa).<\/p>\n\n\n\n<p>Jos\u00e9 Luis Alom\u00eda, director general de Epidemiolog\u00eda, detall\u00f3 en conferencia de prensa desde Palacio Nacional que hay un mill\u00f3n 207 mil casos negativos acumulados en el pa\u00eds.<\/p>\n\n\n\n<p>CDMX se acerca al sem\u00e1foro rojo. La jefa de Gobierno de la Ciudad de M\u00e9xico, Claudia Sheinbaum, advirti\u00f3 que el sem\u00e1foro epidemiol\u00f3gico se acerca m\u00e1s al rojo debido al cambio de tendencia en las hospitalizaciones de pacientes Covid-19, pues ya suman m\u00e1s de 3 mil.<\/p>\n\n\n\n<p>Al ser cuestionada si la Ciudad de M\u00e9xico se encuentra m\u00e1s cerca del sem\u00e1foro rojo, Sheinbaum coment\u00f3: &#8220;s\u00ed, sobre todo el cambio de tendencia es lo que es de llamar la atenci\u00f3n, el crecimiento en el n\u00famero de camas ocupadas diariamente&#8221;.<\/p>\n","protected":false},"excerpt":{"rendered":"<p>M\u00e9xico acumul\u00f3, al corte de este 12 de noviembre, 97 mil 56 muertes por Covid-19, con 991 mil 835 casos de contagios confirmados de coronavirus, seg\u00fan informaron autoridades de la Secretar\u00eda de Salud (Ssa). Jos\u00e9 Luis Alom\u00eda, director general de Epidemiolog\u00eda, detall\u00f3 en conferencia de prensa desde Palacio Nacional que hay un mill\u00f3n 207 mil [&hellip;]<\/p>\n","protected":false},"author":81,"featured_media":139201,"comment_status":"closed","ping_status":"open","sticky":false,"template":"","format":"standard","meta":{"footnotes":""},"categories":[15,36],"tags":[],"class_list":["post-140425","post","type-post","status-publish","format-standard","has-post-thumbnail","hentry","category-destacadas","category-nacion"],"_links":{"self":[{"href":"https:\/\/plazajuarez.mx\/historico\/wp-json\/wp\/v2\/posts\/140425","targetHints":{"allow":["GET"]}}],"collection":[{"href":"https:\/\/plazajuarez.mx\/historico\/wp-json\/wp\/v2\/posts"}],"about":[{"href":"https:\/\/plazajuarez.mx\/historico\/wp-json\/wp\/v2\/types\/post"}],"author":[{"embeddable":true,"href":"https:\/\/plazajuarez.mx\/historico\/wp-json\/wp\/v2\/users\/81"}],"replies":[{"embeddable":true,"href":"https:\/\/plazajuarez.mx\/historico\/wp-json\/wp\/v2\/comments?post=140425"}],"version-history":[{"count":0,"href":"https:\/\/plazajuarez.mx\/historico\/wp-json\/wp\/v2\/posts\/140425\/revisions"}],"wp:featuredmedia":[{"embeddable":true,"href":"https:\/\/plazajuarez.mx\/historico\/wp-json\/wp\/v2\/media\/139201"}],"wp:attachment":[{"href":"https:\/\/plazajuarez.mx\/historico\/wp-json\/wp\/v2\/media?parent=140425"}],"wp:term":[{"taxonomy":"category","embeddable":true,"href":"https:\/\/plazajuarez.mx\/historico\/wp-json\/wp\/v2\/categories?post=140425"},{"taxonomy":"post_tag","embeddable":true,"href":"https:\/\/plazajuarez.mx\/historico\/wp-json\/wp\/v2\/tags?post=140425"}],"curies":[{"name":"wp","href":"https:\/\/api.w.org\/{rel}","templated":true}]}}