{"id":140408,"date":"2020-11-12T16:35:31","date_gmt":"2020-11-12T22:35:31","guid":{"rendered":"https:\/\/plazajuarez.mx\/?p=140408"},"modified":"2020-11-12T16:35:47","modified_gmt":"2020-11-12T22:35:47","slug":"mexico-presidira-la-red-de-universidades-latinoamericanas","status":"publish","type":"post","link":"https:\/\/plazajuarez.mx\/historico\/mexico-presidira-la-red-de-universidades-latinoamericanas\/","title":{"rendered":"M\u00e9xico presidir\u00e1 la red de universidades latinoamericanas"},"content":{"rendered":"\n<p>El rector de la Universidad Nacional Aut\u00f3noma de M\u00e9xico (UNAM), Enrique Graue, de 68 a\u00f1os, fue elegido por unanimidad este jueves presidente de la Red de Macro Universidades de Am\u00e9rica Latina y el Caribe para el periodo 2020-2022, nombramiento tras el que propuso crear una plataforma de intercambio de conocimientos y experiencias.<\/p>\n\n\n\n<p>Los 22 rectores de la regi\u00f3n y representantes de seis universidades m\u00e1s hicieron la elecci\u00f3n durante la X Asamblea General de esta red, celebrada virtualmente, en la que tambi\u00e9n se ratific\u00f3 al rector de la Universidad de Buenos Aires (UBA), Alberto Barbieri, como secretario.<\/p>\n\n\n\n<p>Graue, de acuerdo a un comunicado de la UNAM, propuso a los rectores que en los pr\u00f3ximos meses se trabaje de forma conjunta &#8220;en una plataforma para intercambiar conocimientos y experiencias sobre las formas en que abordan y abordar\u00e1n la docencia, la investigaci\u00f3n y la extensi\u00f3n de la cultura durante y despu\u00e9s de la pandemia&#8221;.<\/p>\n\n\n\n<p>Esta iniciativa viene de la aceleraci\u00f3n de los procesos de digitalizaci\u00f3n provocada por la pandemia mundial de coronavirus, por lo que muchos j\u00f3venes del pa\u00eds est\u00e1n tomando sus clases desde casa y los profesores est\u00e1n necesitando nuevos modelos y pr\u00e1cticas educativas.<\/p>\n\n\n\n<p>\u201cEste es el reto que tenemos en las universidades. Porque no va a poder ser ni totalmente en l\u00ednea ni como era tradicionalmente. Vamos a tener que implementar modelos mixtos que habr\u00e1 que inventar en el transcurso de los siguientes meses y redise\u00f1ar nuestro fin educativo\u201d, expres\u00f3 durante la reuni\u00f3n.<\/p>\n\n\n\n<p>Por ello, insisti\u00f3 tambi\u00e9n en la necesidad de aprovechar que la red une a muchos docentes para trabajar en un modelo educativo innovador que permita que las universidades sean m\u00e1s &#8220;equitativas&#8221;, que gocen de mayor oferta educativa y resistan &#8220;mejor&#8221; los cambios que se presenten.<\/p>\n\n\n\n<p>Uno de los beneficios de la uni\u00f3n, dijo, deber\u00eda ser crear posgrados conjuntos en temas emergentes como inteligencia artificial o ciencias de datos.<\/p>\n\n\n\n<p>\u201cTenemos que trabajar juntos para crecer m\u00e1s, para tener una mejor presencia y cumplir con la sociedades a las que nos debemos y con la regi\u00f3n con la que tenemos el compromiso de desarrollar, acrecentar sus fuerzas y potencialidades\u201d, termin\u00f3 Graue, quien ser\u00e1 rector de la UNAM hasta 2023.<\/p>\n\n\n\n<p>El mexicano sustituir\u00e1 al rector de la Universidad de Sao Paulo, Brasil, Vahan Agopyan, quien termin\u00f3 su encargo.<\/p>\n","protected":false},"excerpt":{"rendered":"<p>El rector de la Universidad Nacional Aut\u00f3noma de M\u00e9xico (UNAM), Enrique Graue, de 68 a\u00f1os, fue elegido por unanimidad este jueves presidente de la Red de Macro Universidades de Am\u00e9rica Latina y el Caribe para el periodo 2020-2022, nombramiento tras el que propuso crear una plataforma de intercambio de conocimientos y experiencias. Los 22 rectores [&hellip;]<\/p>\n","protected":false},"author":80,"featured_media":140409,"comment_status":"closed","ping_status":"open","sticky":false,"template":"","format":"standard","meta":{"footnotes":""},"categories":[15,36],"tags":[],"class_list":["post-140408","post","type-post","status-publish","format-standard","has-post-thumbnail","hentry","category-destacadas","category-nacion"],"_links":{"self":[{"href":"https:\/\/plazajuarez.mx\/historico\/wp-json\/wp\/v2\/posts\/140408","targetHints":{"allow":["GET"]}}],"collection":[{"href":"https:\/\/plazajuarez.mx\/historico\/wp-json\/wp\/v2\/posts"}],"about":[{"href":"https:\/\/plazajuarez.mx\/historico\/wp-json\/wp\/v2\/types\/post"}],"author":[{"embeddable":true,"href":"https:\/\/plazajuarez.mx\/historico\/wp-json\/wp\/v2\/users\/80"}],"replies":[{"embeddable":true,"href":"https:\/\/plazajuarez.mx\/historico\/wp-json\/wp\/v2\/comments?post=140408"}],"version-history":[{"count":0,"href":"https:\/\/plazajuarez.mx\/historico\/wp-json\/wp\/v2\/posts\/140408\/revisions"}],"wp:featuredmedia":[{"embeddable":true,"href":"https:\/\/plazajuarez.mx\/historico\/wp-json\/wp\/v2\/media\/140409"}],"wp:attachment":[{"href":"https:\/\/plazajuarez.mx\/historico\/wp-json\/wp\/v2\/media?parent=140408"}],"wp:term":[{"taxonomy":"category","embeddable":true,"href":"https:\/\/plazajuarez.mx\/historico\/wp-json\/wp\/v2\/categories?post=140408"},{"taxonomy":"post_tag","embeddable":true,"href":"https:\/\/plazajuarez.mx\/historico\/wp-json\/wp\/v2\/tags?post=140408"}],"curies":[{"name":"wp","href":"https:\/\/api.w.org\/{rel}","templated":true}]}}