{"id":140404,"date":"2020-11-12T16:11:48","date_gmt":"2020-11-12T22:11:48","guid":{"rendered":"https:\/\/plazajuarez.mx\/?p=140404"},"modified":"2020-11-12T16:12:05","modified_gmt":"2020-11-12T22:12:05","slug":"participa-en-talleres-de-robotica-y-programacion","status":"publish","type":"post","link":"https:\/\/plazajuarez.mx\/historico\/participa-en-talleres-de-robotica-y-programacion\/","title":{"rendered":"Participa en talleres de Rob\u00f3tica y Programaci\u00f3n"},"content":{"rendered":"\n<p>Ideatic y 3C invitan a que, nin\u00e3s, ni\u00f1os y j\u00f3venes entre 13 y 15 a\u00f1os de edad, se inscriban a los talleres en l\u00ednea gratuitos #Ac\u00e9rcaTECH de Ideatic. <\/p>\n\n\n\n<p>En los cuales aprender\u00e1n de #rob\u00f3tica #c\u00f3digo y #programaci\u00f3n con un simulador en l\u00ednea de #MicroBit<\/p>\n\n\n\n<p>Registro gratis en: <a href=\"http:\/\/bit.ly\/ideaTICmicrobit3C\">http:\/\/bit.ly\/ideaTICmicrobit3C<\/a><br>Toda la informaci\u00f3n de los talleres aqu\u00ed: <a href=\"https:\/\/bit.ly\/2IetRoC\" rel=\"nofollow\">https:\/\/bit.ly\/2IetRoC<\/a><\/p>\n","protected":false},"excerpt":{"rendered":"<p>Ideatic y 3C invitan a que, nin\u00e3s, ni\u00f1os y j\u00f3venes entre 13 y 15 a\u00f1os de edad, se inscriban a los talleres en l\u00ednea gratuitos #Ac\u00e9rcaTECH de Ideatic. En los cuales aprender\u00e1n de #rob\u00f3tica #c\u00f3digo y #programaci\u00f3n con un simulador en l\u00ednea de #MicroBit Registro gratis en: http:\/\/bit.ly\/ideaTICmicrobit3CToda la informaci\u00f3n de los talleres aqu\u00ed: https:\/\/bit.ly\/2IetRoC<\/p>\n","protected":false},"author":93,"featured_media":140405,"comment_status":"closed","ping_status":"open","sticky":false,"template":"","format":"standard","meta":{"footnotes":""},"categories":[15],"tags":[],"class_list":["post-140404","post","type-post","status-publish","format-standard","has-post-thumbnail","hentry","category-destacadas"],"_links":{"self":[{"href":"https:\/\/plazajuarez.mx\/historico\/wp-json\/wp\/v2\/posts\/140404","targetHints":{"allow":["GET"]}}],"collection":[{"href":"https:\/\/plazajuarez.mx\/historico\/wp-json\/wp\/v2\/posts"}],"about":[{"href":"https:\/\/plazajuarez.mx\/historico\/wp-json\/wp\/v2\/types\/post"}],"author":[{"embeddable":true,"href":"https:\/\/plazajuarez.mx\/historico\/wp-json\/wp\/v2\/users\/93"}],"replies":[{"embeddable":true,"href":"https:\/\/plazajuarez.mx\/historico\/wp-json\/wp\/v2\/comments?post=140404"}],"version-history":[{"count":0,"href":"https:\/\/plazajuarez.mx\/historico\/wp-json\/wp\/v2\/posts\/140404\/revisions"}],"wp:featuredmedia":[{"embeddable":true,"href":"https:\/\/plazajuarez.mx\/historico\/wp-json\/wp\/v2\/media\/140405"}],"wp:attachment":[{"href":"https:\/\/plazajuarez.mx\/historico\/wp-json\/wp\/v2\/media?parent=140404"}],"wp:term":[{"taxonomy":"category","embeddable":true,"href":"https:\/\/plazajuarez.mx\/historico\/wp-json\/wp\/v2\/categories?post=140404"},{"taxonomy":"post_tag","embeddable":true,"href":"https:\/\/plazajuarez.mx\/historico\/wp-json\/wp\/v2\/tags?post=140404"}],"curies":[{"name":"wp","href":"https:\/\/api.w.org\/{rel}","templated":true}]}}