{"id":140293,"date":"2020-11-12T07:08:28","date_gmt":"2020-11-12T13:08:28","guid":{"rendered":"https:\/\/plazajuarez.mx\/?p=140293"},"modified":"2020-11-12T07:08:42","modified_gmt":"2020-11-12T13:08:42","slug":"alfil-negro-1958","status":"publish","type":"post","link":"https:\/\/plazajuarez.mx\/historico\/alfil-negro-1958\/","title":{"rendered":"ALFIL NEGRO"},"content":{"rendered":"\n<h2 class=\"wp-block-heading\"><strong>\u00bfHOMBRE O MUJER PARA CANDIDATURA ?<\/strong><\/h2>\n\n\n\n<!--more-->\n\n\n\n<p>Por tradici\u00f3n y costumbre, en Hidalgo han sido hombres los que han tenido la responsabilidad del Poder Ejecutivo, aunque ya ha habido candidatas para gobernadoras sin que hasta el momento alguna haya ganado.<\/p>\n\n\n\n<p>Para la pr\u00f3xima elecci\u00f3n en el 2022, que nos dar\u00e1 un nuevo titular del gobierno del estado, se abre la posibilidad de que una mujer pueda llegar a la gubernatura, si finalmente se impone la decisi\u00f3n del INE del 6 de noviembre, en la que aprob\u00f3 lineamientos para garantizar el principio de paridad en las candidaturas en las gubernaturas para el 2021, por la que los partidos que participen en la elecci\u00f3n de 15 gubernaturas, por lo menos en 7 vayan mujeres.<\/p>\n\n\n\n<p>Parece que nadie se opone a que la mujer tenga esas opciones, pero si hay oposici\u00f3n a los modos que us\u00f3 el INE, y se argumenta que ejerci\u00f3 facultades que no le corresponden y fuera de tiempo.<\/p>\n\n\n\n<p>Mucho se dir\u00e1 sobre el tema, pero ya est\u00e1 en la mesa de discusi\u00f3n.<\/p>\n\n\n\n<p>Puede ser incluso que para el 2021 no se aplique, pero habr\u00e1 tiempo para que con un trabajo mejor hecho para el 2022 sea efectivo, aunque con los consensos necesarios y sin duda la participaci\u00f3n de los partidos, que son los que tienen que trabajar, junto con la autoridad electoral sobre este asunto.<\/p>\n\n\n\n<p>En todo caso, los ciudadanos lo que queremos es que la gubernatura sea ocupada por el mejor en preparaci\u00f3n, capacidad, y sobre todo con valores como lealtad, honradez, sensibilidad, y una historia personal que nos hable de una persona honorable, sea hombre o mujer, porque esas virtudes sociales y personales no tienen sexo, son de un buen ser humano nada m\u00e1s.<\/p>\n\n\n\n<p>Ahora que cada corriente pol\u00edtica tiene sin duda mujeres valiosas con presencia e historia en el estado.<\/p>\n\n\n\n<p>Podr\u00eda darse el caso si las circunstancias lo permiten.<\/p>\n\n\n\n<p>Todos conocen a las personas que podr\u00edan ser con nombre y apellido; y son varias.<\/p>\n\n\n\n<p>Parece necesario que como en las candidaturas de cualquier cargo de elecci\u00f3n, lo que no se puede&nbsp; permitirse es la imposici\u00f3n o el agandalle de candidaturas.<\/p>\n\n\n\n<p>Y no es una sola mujer la que puede aspirar a esta posibilidad, son varias con los m\u00e9ritos de trabajo para serlo.<\/p>\n\n\n\n<p>Lo que importa es el desarrollo del estado y por lo mismo, la necesidad de llevar a lo mejor a ese terreno.<\/p>\n\n\n\n<p>Pronto empezaremos a ver ya en hechos los movimientos que se hacen para este caso.<\/p>\n\n\n\n<p><strong>Usted, \u00bfa qui\u00e9n ve con posibilidades si se diera este hecho?<\/strong><\/p>\n","protected":false},"excerpt":{"rendered":"<p>\u00bfHOMBRE O MUJER PARA CANDIDATURA ?<\/p>\n","protected":false},"author":83,"featured_media":0,"comment_status":"closed","ping_status":"open","sticky":false,"template":"","format":"standard","meta":{"footnotes":""},"categories":[48,42],"tags":[],"class_list":["post-140293","post","type-post","status-publish","format-standard","hentry","category-adalberto-peralta","category-nuestrapalabra"],"_links":{"self":[{"href":"https:\/\/plazajuarez.mx\/historico\/wp-json\/wp\/v2\/posts\/140293","targetHints":{"allow":["GET"]}}],"collection":[{"href":"https:\/\/plazajuarez.mx\/historico\/wp-json\/wp\/v2\/posts"}],"about":[{"href":"https:\/\/plazajuarez.mx\/historico\/wp-json\/wp\/v2\/types\/post"}],"author":[{"embeddable":true,"href":"https:\/\/plazajuarez.mx\/historico\/wp-json\/wp\/v2\/users\/83"}],"replies":[{"embeddable":true,"href":"https:\/\/plazajuarez.mx\/historico\/wp-json\/wp\/v2\/comments?post=140293"}],"version-history":[{"count":0,"href":"https:\/\/plazajuarez.mx\/historico\/wp-json\/wp\/v2\/posts\/140293\/revisions"}],"wp:attachment":[{"href":"https:\/\/plazajuarez.mx\/historico\/wp-json\/wp\/v2\/media?parent=140293"}],"wp:term":[{"taxonomy":"category","embeddable":true,"href":"https:\/\/plazajuarez.mx\/historico\/wp-json\/wp\/v2\/categories?post=140293"},{"taxonomy":"post_tag","embeddable":true,"href":"https:\/\/plazajuarez.mx\/historico\/wp-json\/wp\/v2\/tags?post=140293"}],"curies":[{"name":"wp","href":"https:\/\/api.w.org\/{rel}","templated":true}]}}