{"id":140291,"date":"2020-11-12T07:06:45","date_gmt":"2020-11-12T13:06:45","guid":{"rendered":"https:\/\/plazajuarez.mx\/?p=140291"},"modified":"2020-11-12T07:07:00","modified_gmt":"2020-11-12T13:07:00","slug":"laguna-de-voces-680","status":"publish","type":"post","link":"https:\/\/plazajuarez.mx\/historico\/laguna-de-voces-680\/","title":{"rendered":"LAGUNA DE VOCES"},"content":{"rendered":"\n<h2 class=\"wp-block-heading\"><strong>La estrella que explot\u00f3<\/strong><\/h2>\n\n\n\n<p>La estrella empez\u00f3 a brillar m\u00e1s all\u00e1 de lo normal un d\u00eda mi\u00e9rcoles del mes de noviembre, y est\u00e1 claro que el a\u00f1o no pod\u00eda ser otro m\u00e1s que el 20-20, cuando sucedi\u00f3 todo lo que nunca en d\u00e9cadas y d\u00e9cadas, de tal modo que no result\u00f3 una sorpresa cuando el cielo se encendi\u00f3 durante la madrugada para quedarse as\u00ed, ante el asombro, aqu\u00ed s\u00ed, de los que se miraron la cara completa incluidas boca y nariz, luego de casi un a\u00f1o que andar embozos era la \u00fanica normal anormalidad.&nbsp;<\/p>\n\n\n\n<p>Si la estrella hubiera estallado antes de las 24 horas, lo que despu\u00e9s se supo no fue as\u00ed, la mayor parte de la ciudadan\u00eda no habr\u00eda descubierto que el rostro de sus semejantes adem\u00e1s de ojos, frente y orejas, tambi\u00e9n consideraba una nariz y una boca que pod\u00eda sonre\u00edr. Pero para fortuna de todos, por la madrugada la gente acostumbra salir de sus casas en pijama si la tienen puesta, o con lo que encuentran a la mano, porque es evidente que a esas horas solo una emergencia puede provocar semejante reacci\u00f3n.<\/p>\n\n\n\n<p>En las calles todos miraron primero el cielo que brillaba con tal fuerza, que por un momento pensaron que iban a acabar achicharrados, lo que descartaron casi de manera inmediata porque tanta iluminaci\u00f3n no hab\u00eda elevado ni un grado la temperatura. Luego entonces no era el sol, nuestro astro rey que ni se inmut\u00f3 por lo que suced\u00eda a unos cuantos millones de a\u00f1os luz de distancia.&nbsp;<\/p>\n\n\n\n<p>Los tiempos in\u00e9ditos que se hab\u00edan vivido desde los primeros meses del a\u00f1o, permitieron evitar la histeria colectiva y por el contrario, resultaba cuando menos una forma de abandonar la rutina, la aburrici\u00f3n por el encierro y el miedo que a todos, sin distingos, afectaba en el cierre del 20-20.<\/p>\n\n\n\n<p>Todo se invirti\u00f3, porque los estertores de una estrella, que despu\u00e9s fue identificada con un nombre bastante raro y que solo los cient\u00edficos saben el porqu\u00e9 usaron, tuvieron como acierto absoluto que presentaron las noches m\u00e1s hermosas que se tengan memoria en la historia de la humanidad, solo tal vez comparables con las que dicen los Evangelios construy\u00f3 la de Bel\u00e9n, tal vez pariente de la que ahora se supone morir\u00eda.<\/p>\n\n\n\n<p>Cada noche empez\u00f3 a ser esperada con impaciencia, y la luna apenas si pod\u00eda verse de tanta blancura, tanta luz, pero que nada ten\u00eda que ver con la que tra\u00eda el sol de la ma\u00f1ana.<\/p>\n\n\n\n<p>Resultaba coincidencia bastante curiosa que justo en las semanas que anteceden a la Nochebuena y Navidad, los cielos se iluminaran de madrugada, pero que adem\u00e1s todos los seres humanos estuvieran tan tranquilos, tan llenos de una felicidad que no se pod\u00eda explicar, con todo y que la pandemia de un virus tan asesino se hubiera llevado a varios millones de personas.<\/p>\n\n\n\n<p>Pero los que quedaban se ve\u00edan felices sin poder explicar su actitud. Simplemente sonre\u00edan y daban por hecho que andar sin cubrebocas estaba justificado cuando era acompa\u00f1ada esa actitud por una vestimenta que solo aceptaba pijamas, batas de franela y otras singularidades de ese tipo.<\/p>\n\n\n\n<p>De frente al a\u00f1o nuevo algunos empezaron a notar que la noche, que era m\u00e1s que d\u00eda, chisporroteaba como las luces de bengala cuando est\u00e1n por apagarse, y l\u00f3gico es que cundi\u00f3 el miedo, la preocupaci\u00f3n y hasta la tristeza. Con seguridad la estrella, su luz, ya reflejaba la muerte de su origen.<\/p>\n\n\n\n<p>Sin embargo no fue as\u00ed.<\/p>\n\n\n\n<p>Por el contrario, la luz se hizo m\u00e1s y m\u00e1s fina, casi se pod\u00eda tocar.<\/p>\n\n\n\n<p>Fue un descubrimiento \u00fanico que todos realizaron en un mismo instante: se hab\u00eda empezado a convertir en seres de luz, de algo que todav\u00eda nadie alcanza a describir, pero que convierte las manos en un r\u00edo, los ojos en grandes faros y la boca en bendiciones que resultan ser efectivas para hacer milagros.<\/p>\n\n\n\n<p><strong>Mil gracias, hasta ma\u00f1ana.<\/strong><\/p>\n\n\n\n<p><a href=\"mailto:jeperalta@plazajuarez.mx\/historico\/historico\">jeperalta@plazajuarez.mx\/historico\/historico<\/a><\/p>\n\n\n\n<p>@JavierEPeralta<\/p>\n","protected":false},"excerpt":{"rendered":"<p>La estrella que explot\u00f3 La estrella empez\u00f3 a brillar m\u00e1s all\u00e1 de lo normal un d\u00eda mi\u00e9rcoles del mes de noviembre, y est\u00e1 claro que el a\u00f1o no pod\u00eda ser otro m\u00e1s que el 20-20, cuando sucedi\u00f3 todo lo que nunca en d\u00e9cadas y d\u00e9cadas, de tal modo que no result\u00f3 una sorpresa cuando el [&hellip;]<\/p>\n","protected":false},"author":10,"featured_media":0,"comment_status":"closed","ping_status":"open","sticky":false,"template":"","format":"standard","meta":{"footnotes":""},"categories":[49,42],"tags":[],"class_list":["post-140291","post","type-post","status-publish","format-standard","hentry","category-javier-peralta","category-nuestrapalabra"],"_links":{"self":[{"href":"https:\/\/plazajuarez.mx\/historico\/wp-json\/wp\/v2\/posts\/140291","targetHints":{"allow":["GET"]}}],"collection":[{"href":"https:\/\/plazajuarez.mx\/historico\/wp-json\/wp\/v2\/posts"}],"about":[{"href":"https:\/\/plazajuarez.mx\/historico\/wp-json\/wp\/v2\/types\/post"}],"author":[{"embeddable":true,"href":"https:\/\/plazajuarez.mx\/historico\/wp-json\/wp\/v2\/users\/10"}],"replies":[{"embeddable":true,"href":"https:\/\/plazajuarez.mx\/historico\/wp-json\/wp\/v2\/comments?post=140291"}],"version-history":[{"count":0,"href":"https:\/\/plazajuarez.mx\/historico\/wp-json\/wp\/v2\/posts\/140291\/revisions"}],"wp:attachment":[{"href":"https:\/\/plazajuarez.mx\/historico\/wp-json\/wp\/v2\/media?parent=140291"}],"wp:term":[{"taxonomy":"category","embeddable":true,"href":"https:\/\/plazajuarez.mx\/historico\/wp-json\/wp\/v2\/categories?post=140291"},{"taxonomy":"post_tag","embeddable":true,"href":"https:\/\/plazajuarez.mx\/historico\/wp-json\/wp\/v2\/tags?post=140291"}],"curies":[{"name":"wp","href":"https:\/\/api.w.org\/{rel}","templated":true}]}}