{"id":140157,"date":"2020-11-11T07:08:29","date_gmt":"2020-11-11T13:08:29","guid":{"rendered":"https:\/\/plazajuarez.mx\/?p=140157"},"modified":"2020-11-11T07:08:44","modified_gmt":"2020-11-11T13:08:44","slug":"retratos-hablados-1004","status":"publish","type":"post","link":"https:\/\/plazajuarez.mx\/historico\/retratos-hablados-1004\/","title":{"rendered":"RETRATOS HABLADOS"},"content":{"rendered":"\n<h2 class=\"wp-block-heading\"><strong>Anclar la vida a la eternidad<\/strong><\/h2>\n\n\n\n<!--more-->\n\n\n\n<p>La muerte complica todo intento por dar una explicaci\u00f3n l\u00f3gica de la vida. Si fuera una breve interrupci\u00f3n, un \u201chasta luego\u201d, guardar\u00eda la certeza que siempre hemos buscado. Pero no es interrupci\u00f3n, con todo y los esfuerzos por hacerla pasar como tal. Es la conclusi\u00f3n, el fin, el cierre definitivo, el adi\u00f3s y no el hasta pronto. \u201cHasta aqu\u00ed llegamos, haga el favor de bajar y preguntar al encargado pero que yo sepa ya no hay ninguna estaci\u00f3n, nadie ha pasado de aqu\u00ed\u201d.<\/p>\n\n\n\n<p>&nbsp;&nbsp;&nbsp;&nbsp;&nbsp;Y es la pura verdad, la muerte da por terminada nuestra estancia en la vida, que todo el tiempo nos pasamos con la malsana intenci\u00f3n de descubrirle alg\u00fan misterio escondido que de pronto le diera l\u00f3gica, la l\u00f3gica humana plagada de absurdos, y as\u00ed sentirnos seguros de que la nada nos alcanza cuando menos lo pensamos.<\/p>\n\n\n\n<p>&nbsp;&nbsp;&nbsp;&nbsp;&nbsp;Son estos tiempos de la pandemia los que paran repentinamente la carrera presurosa al despe\u00f1adero; prisa para no saber, no querer saber que nos extinguimos como la vela de Macario en la cueva donde a veces sopla el viento que arrebata existencias.&nbsp;<\/p>\n\n\n\n<p>&nbsp;&nbsp;&nbsp;&nbsp;&nbsp;Cuando hay tanto tiempo para pensar en los adioses resulta imposible querer justificar la partida con un \u201cno me di cuenta, ni supe que me mor\u00ed\u201d, y si la nada es lo que sigue entonces todo est\u00e1 resuelto.<\/p>\n\n\n\n<p>&nbsp;&nbsp;&nbsp;&nbsp;&nbsp;Pero el Covid-19 nos trajo ese tiempo para pensar con calma en los adioses, para no hacernos los sorprendidos porque todo queda en cerrar los ojos y aguantar la respiraci\u00f3n. Lo que se siembra se cosecha, dicen, y quien siembra oscuridad cosecha nada.<\/p>\n\n\n\n<p>&nbsp;&nbsp;&nbsp;&nbsp;&nbsp;Por eso y porque hay tiempo en tanto la que se lleva a todos no toque a la puerta, es deber ineludible fincar las bases de la eternidad.<\/p>\n\n\n\n<p>&nbsp;&nbsp;&nbsp;&nbsp;&nbsp;H\u00e1galo, saque las herramientas del armario y construya los castillos de varilla y cemento donde guardar lo valioso que garanticen no ir a parar a la nada.<\/p>\n\n\n\n<p>&nbsp;&nbsp;&nbsp;&nbsp;&nbsp;La sonrisa de sus hijos, los ojos hermosos de la mujer amada, la gracia de ser feliz de su nieta si la tiene, los lugares donde celebr\u00f3 la vida, en fin que solo lo que ancla a la vida puede anclarle a la eternidad.<\/p>\n\n\n\n<p><strong>&nbsp;&nbsp;&nbsp;&nbsp;&nbsp;Mil gracias, hasta ma\u00f1ana.<\/strong><\/p>\n\n\n\n<p>jeperalta@plazajuarez.mx\/historico\/historico<\/p>\n\n\n\n<p>@JavierEPeralta<\/p>\n","protected":false},"excerpt":{"rendered":"<p>Anclar la vida a la eternidad<\/p>\n","protected":false},"author":10,"featured_media":0,"comment_status":"closed","ping_status":"open","sticky":false,"template":"","format":"standard","meta":{"footnotes":""},"categories":[49,42],"tags":[],"class_list":["post-140157","post","type-post","status-publish","format-standard","hentry","category-javier-peralta","category-nuestrapalabra"],"_links":{"self":[{"href":"https:\/\/plazajuarez.mx\/historico\/wp-json\/wp\/v2\/posts\/140157","targetHints":{"allow":["GET"]}}],"collection":[{"href":"https:\/\/plazajuarez.mx\/historico\/wp-json\/wp\/v2\/posts"}],"about":[{"href":"https:\/\/plazajuarez.mx\/historico\/wp-json\/wp\/v2\/types\/post"}],"author":[{"embeddable":true,"href":"https:\/\/plazajuarez.mx\/historico\/wp-json\/wp\/v2\/users\/10"}],"replies":[{"embeddable":true,"href":"https:\/\/plazajuarez.mx\/historico\/wp-json\/wp\/v2\/comments?post=140157"}],"version-history":[{"count":0,"href":"https:\/\/plazajuarez.mx\/historico\/wp-json\/wp\/v2\/posts\/140157\/revisions"}],"wp:attachment":[{"href":"https:\/\/plazajuarez.mx\/historico\/wp-json\/wp\/v2\/media?parent=140157"}],"wp:term":[{"taxonomy":"category","embeddable":true,"href":"https:\/\/plazajuarez.mx\/historico\/wp-json\/wp\/v2\/categories?post=140157"},{"taxonomy":"post_tag","embeddable":true,"href":"https:\/\/plazajuarez.mx\/historico\/wp-json\/wp\/v2\/tags?post=140157"}],"curies":[{"name":"wp","href":"https:\/\/api.w.org\/{rel}","templated":true}]}}