{"id":140155,"date":"2020-11-11T07:06:31","date_gmt":"2020-11-11T13:06:31","guid":{"rendered":"https:\/\/plazajuarez.mx\/?p=140155"},"modified":"2020-11-11T07:06:48","modified_gmt":"2020-11-11T13:06:48","slug":"alfil-negro-1957","status":"publish","type":"post","link":"https:\/\/plazajuarez.mx\/historico\/alfil-negro-1957\/","title":{"rendered":"ALFIL NEGRO"},"content":{"rendered":"\n<p><strong>UN FIN DE A\u00d1O DISTINTO<\/strong><\/p>\n\n\n\n<p>Hoy es santo de mi padre, que ya no est\u00e1 con nosotros, y sin embargo est\u00e1 m\u00e1s presente que nunca en nuestras vidas, porque nos ense\u00f1\u00f3 a querer a los hijos, nuestra laguna, el campo con sus maizales y el agua y las ma\u00f1anas. Y santo de mi hermano y mi sobrino. Siempre es bueno tener recuerdos y sentir el momento que nos toca, porque quiere decir que estamos vivos. Y esto se agradece.<\/p>\n\n\n\n<p><strong>FIN DE A\u00d1O<\/strong><\/p>\n\n\n\n<p>Las festividades de fin de a\u00f1o no ser\u00e1n como antes, en lo que se refiere a reuniones familiares, bailes populares, posadas con mucha gente y cenas de fin de a\u00f1o, y desde luego un 12 de diciembre fiesta de la patrona, con ella m\u00e1s presente que nunca, pero desde la fe personal de cada uno, o desde la devoci\u00f3n de las familias en casa, porque la pandemia as\u00ed lo impone.<\/p>\n\n\n\n<p>No, no ser\u00e1 como otras veces, porque se buscar\u00e1 con estas restricciones de reuniones poner un muro a los contagios, sin que por ello se renuncie a la fe y a la devoci\u00f3n, quiz\u00e1 el refugio m\u00e1s seguro para la angustia y el temor de esta enfermedad que nos golpea como g\u00e9nero humano.<\/p>\n\n\n\n<p>Es la misma situaci\u00f3n, que se da cuando en la enfermedad de un familiar muy amado, nos damos cuenta que los m\u00e9dicos y las medicinas han dejado de ser la respuesta a ese mal, y volteamos los ojos y la esperanza a un ser superior en quien depositamos nuestra fe y confianza para superar el problema.<\/p>\n\n\n\n<p>Lo m\u00e1s seguro es que no tengamos posadas como hace un a\u00f1o, pero nuestra casa estar\u00e1 con las puertas abiertas para que la sagrada familia nos visite y se quede con nosotros y nos ayude.<\/p>\n\n\n\n<p>Puede ser que no tengamos un nacimiento en la Plaza Ju\u00e1rez, pero tendremos uno en nuestras casas, donde esperamos que nazca el Ni\u00f1o y nos sonr\u00eda con un nuevo d\u00eda lleno&nbsp; de sol y de alegr\u00eda.<\/p>\n\n\n\n<p>Seguramente no habr\u00e1 \u00e1rbol navide\u00f1o en nuestras plazas p\u00fablicas, pero en nuestros cielos tendremos un \u00e1rbol inmenso hecho de estrellas, cometas&nbsp; y luci\u00e9rnagas.<\/p>\n\n\n\n<p>Lo m\u00e1s seguro es que el 12 de diciembre no podamos ir a La Villita con todo el amor y confianza que sentimos por la Guadalupana, pero en cada casa habr\u00e1 un altar con su imagen para decirle que ponemos nuestra vida, la de nuestros hijos y hermanos en sus manos&nbsp; de madre cari\u00f1osa.<\/p>\n\n\n\n<p>Ser\u00e1 sin duda un fin de a\u00f1o distinto, pero puede ser que con fe m\u00e1s fuerte y una esperanza renovada.<\/p>\n\n\n\n<p><strong>Y eso es ganancia, porque cuando se tiene esperanza se va de gane.<\/strong><\/p>\n","protected":false},"excerpt":{"rendered":"<p>UN FIN DE A\u00d1O DISTINTO Hoy es santo de mi padre, que ya no est\u00e1 con nosotros, y sin embargo est\u00e1 m\u00e1s presente que nunca en nuestras vidas, porque nos ense\u00f1\u00f3 a querer a los hijos, nuestra laguna, el campo con sus maizales y el agua y las ma\u00f1anas. Y santo de mi hermano y [&hellip;]<\/p>\n","protected":false},"author":83,"featured_media":0,"comment_status":"closed","ping_status":"open","sticky":false,"template":"","format":"standard","meta":{"footnotes":""},"categories":[48,42],"tags":[],"class_list":["post-140155","post","type-post","status-publish","format-standard","hentry","category-adalberto-peralta","category-nuestrapalabra"],"_links":{"self":[{"href":"https:\/\/plazajuarez.mx\/historico\/wp-json\/wp\/v2\/posts\/140155","targetHints":{"allow":["GET"]}}],"collection":[{"href":"https:\/\/plazajuarez.mx\/historico\/wp-json\/wp\/v2\/posts"}],"about":[{"href":"https:\/\/plazajuarez.mx\/historico\/wp-json\/wp\/v2\/types\/post"}],"author":[{"embeddable":true,"href":"https:\/\/plazajuarez.mx\/historico\/wp-json\/wp\/v2\/users\/83"}],"replies":[{"embeddable":true,"href":"https:\/\/plazajuarez.mx\/historico\/wp-json\/wp\/v2\/comments?post=140155"}],"version-history":[{"count":0,"href":"https:\/\/plazajuarez.mx\/historico\/wp-json\/wp\/v2\/posts\/140155\/revisions"}],"wp:attachment":[{"href":"https:\/\/plazajuarez.mx\/historico\/wp-json\/wp\/v2\/media?parent=140155"}],"wp:term":[{"taxonomy":"category","embeddable":true,"href":"https:\/\/plazajuarez.mx\/historico\/wp-json\/wp\/v2\/categories?post=140155"},{"taxonomy":"post_tag","embeddable":true,"href":"https:\/\/plazajuarez.mx\/historico\/wp-json\/wp\/v2\/tags?post=140155"}],"curies":[{"name":"wp","href":"https:\/\/api.w.org\/{rel}","templated":true}]}}