{"id":140152,"date":"2020-11-11T07:04:48","date_gmt":"2020-11-11T13:04:48","guid":{"rendered":"https:\/\/plazajuarez.mx\/?p=140152"},"modified":"2020-11-11T07:05:06","modified_gmt":"2020-11-11T13:05:06","slug":"dese-por-enterado-800","status":"publish","type":"post","link":"https:\/\/plazajuarez.mx\/historico\/dese-por-enterado-800\/","title":{"rendered":"DESE POR ENTERADO"},"content":{"rendered":"\n<p><strong>HASTA SIEMPRE ISIDRO.-<\/strong> Cumplidos 60 a\u00f1os el pasado 15 de mayo, Isidro Pedraza Ch\u00e1vez muri\u00f3 ayer v\u00edctima de la Covid-19, luego de interrumpir su campa\u00f1a pol\u00edtica como candidato del PRD a la Presidencia Municipal de Pachuca. Ex Senador de la Rep\u00fablica, Pedraza Ch\u00e1vez fue siempre militante de izquierda en Hidalgo y sin duda un hombre congruente con su decir y hacer. Pocos tan entrones y todo lo contrario a ser timorato. Poseedor de un vozarr\u00f3n que en no pocas ocasiones puso quietos a sus adversarios, a lo mejor por eso muchos pensaron que saldr\u00eda indemne de la Covid-19. Pero no fue as\u00ed y es triste despedir a uno de los pocos pol\u00edticos que vivieron con intensidad su vida y con orgullo su militancia permanente en la izquierda hidalguense. \u00a1Buen viaje Isidro!<\/p>\n\n\n\n<hr class=\"wp-block-separator\"\/>\n\n\n\n<p><strong>\u00a1BIENVENIDO RICHY PINOCHO, TODO EST\u00c1 PERDONADO!.-<\/strong> \u00a1Qu\u00e9 felicidad para todos los integrantes de la LXIV Legislatura del Estado de Hidalgo, luego de enterarse que el gran, el \u00fanico Richy Pinocho regresa a ocupar su curul, despu\u00e9s de no lograr su objetivo de ser alcalde de Tula! Y con todo y que estilo Chavo del 8 algunos maloras le recitaron: \u201cvuelve el perro arrepentido, con sus orejas tan gachas, con el hocico partido, y con el rabo entre las piernas\u201d, el Richy sabe que lo quiere. Ahora que no se sabe c\u00f3mo podr\u00e1 actuar sin tener contacto directo con su Pap\u00e1 Geppetto, entambado en Almoloya. Algo se le ocurrir\u00e1, porque todos saben que un mu\u00f1eco de madera no se mueve si no lo mueven con los hilos respectivos. \u00a1Regresa la diversi\u00f3n con el \u00fanico tr\u00edo que garantiza diversi\u00f3n: El Richy, La Roxy y por supuesto Cory, la voz m\u00e1s exquisita del Congreso!<\/p>\n\n\n\n<hr class=\"wp-block-separator\"\/>\n\n\n\n<p><strong>LISTO EL PROYECTO DE PRESUPUESTO 2021.-<\/strong> Informo que ya tengo lista la solicitud de presupuesto 2021 a las alcald\u00edas de Pachuca, Mineral de la Reforma y la que se dejen, perd\u00f3n las que est\u00e1n llamadas a participar. Les preciso que la agrupaci\u00f3n que presido, de nombre \u201cLumbrera del Alma Marginada\u201d pide y exige que quien atienda al de la voz, o s\u00e9ase yo, deber\u00e1 poseer capacidad ejecutiva para decidir y firmar que por ejemplo en Pachuca, se caiga con 18 millones de pesos porque seg\u00fan mis sesudos c\u00e1lculos con eso podr\u00e9 hacer el bien sin mirar a qui\u00e9n, a miles de marginados que esperan ser ayudados. Y para Mineral les dejo en solo 13 milloncejos con mismos objetivos. Por supuesto el de la voz, o s\u00e9ase yo, no tiene ninguna intenci\u00f3n de hincarle el diente a un solo peso. No se\u00f1ores, \u00a1eso dicen los malditos comparsas de la represi\u00f3n, los que no entienden el noble servicio que una agrupaci\u00f3n como \u201cLumbrera del Alma Marginada\u201d realiza. Y para esos malditos, \u00a1vaya mi maldici\u00f3n por adelantada! As\u00ed que espero respuesta y cita para pactar como Dios manda el apoyo al Presupuesto adjunto.<\/p>\n\n\n\n<hr class=\"wp-block-separator\"\/>\n\n\n\n<p><strong>BUEN FIN, NO GASTE LO QUE NO TIENE.-<\/strong> Agu\u00e1ntese las ganas de desenfundar sus tarjetas de cr\u00e9dito cual si fuera vaquero del viejo oeste. Va en serio, porque el 2021 va a estar canijo. Si su tarjeta tiene como saldo 0 pesos, puede que le convenga llegarle a la oferta a meses sin intereses, pero si debe unos 30 mil pesotes, primero pague lo que debe y luego juegue a llevarse ofertones. As\u00ed que est\u00e1 avisado.<\/p>\n\n\n\n<hr class=\"wp-block-separator\"\/>\n\n\n\n<p><strong><em>Aviso para que no digan: Esa columna se nutre de comentarios recabados en agencias del Recontra-Espionaje, muy similares a las que populariz\u00f3 el \u201cS\u00faper Agente 86\u201d en sus tiempos. Como tal, usted est\u00e1 en libertad de creer o no lo que lee, recontra-enojarse, recontra-carcajearse y hasta recontra-recordarnos a nuestra jefecita (nosotros recontra-hacemos lo propio). Avisado est\u00e1 usted.<\/em><\/strong><\/p>\n\n\n\n<p>Dudas y comentarios:<\/p>\n\n\n\n<p><a href=\"mailto:desexenterado@gmail.com\">desexenterado@gmail.com<\/a><\/p>\n\n\n\n<p>@desexenterado<\/p>\n","protected":false},"excerpt":{"rendered":"<p>HASTA SIEMPRE ISIDRO.- Cumplidos 60 a\u00f1os el pasado 15 de mayo, Isidro Pedraza Ch\u00e1vez muri\u00f3 ayer v\u00edctima de la Covid-19, luego de interrumpir su campa\u00f1a pol\u00edtica como candidato del PRD a la Presidencia Municipal de Pachuca. Ex Senador de la Rep\u00fablica, Pedraza Ch\u00e1vez fue siempre militante de izquierda en Hidalgo y sin duda un hombre [&hellip;]<\/p>\n","protected":false},"author":93,"featured_media":0,"comment_status":"closed","ping_status":"open","sticky":false,"template":"","format":"standard","meta":{"footnotes":""},"categories":[83],"tags":[],"class_list":["post-140152","post","type-post","status-publish","format-standard","hentry","category-dese-por-enterado"],"_links":{"self":[{"href":"https:\/\/plazajuarez.mx\/historico\/wp-json\/wp\/v2\/posts\/140152","targetHints":{"allow":["GET"]}}],"collection":[{"href":"https:\/\/plazajuarez.mx\/historico\/wp-json\/wp\/v2\/posts"}],"about":[{"href":"https:\/\/plazajuarez.mx\/historico\/wp-json\/wp\/v2\/types\/post"}],"author":[{"embeddable":true,"href":"https:\/\/plazajuarez.mx\/historico\/wp-json\/wp\/v2\/users\/93"}],"replies":[{"embeddable":true,"href":"https:\/\/plazajuarez.mx\/historico\/wp-json\/wp\/v2\/comments?post=140152"}],"version-history":[{"count":0,"href":"https:\/\/plazajuarez.mx\/historico\/wp-json\/wp\/v2\/posts\/140152\/revisions"}],"wp:attachment":[{"href":"https:\/\/plazajuarez.mx\/historico\/wp-json\/wp\/v2\/media?parent=140152"}],"wp:term":[{"taxonomy":"category","embeddable":true,"href":"https:\/\/plazajuarez.mx\/historico\/wp-json\/wp\/v2\/categories?post=140152"},{"taxonomy":"post_tag","embeddable":true,"href":"https:\/\/plazajuarez.mx\/historico\/wp-json\/wp\/v2\/tags?post=140152"}],"curies":[{"name":"wp","href":"https:\/\/api.w.org\/{rel}","templated":true}]}}