{"id":140103,"date":"2020-11-10T09:51:26","date_gmt":"2020-11-10T15:51:26","guid":{"rendered":"https:\/\/plazajuarez.mx\/?p=140103"},"modified":"2020-11-10T09:51:40","modified_gmt":"2020-11-10T15:51:40","slug":"banderazo-de-inicio-de-construccion-de-cuartos-dormitorios","status":"publish","type":"post","link":"https:\/\/plazajuarez.mx\/historico\/banderazo-de-inicio-de-construccion-de-cuartos-dormitorios\/","title":{"rendered":"Banderazo de inicio de construcci\u00f3n de cuartos dormitorios"},"content":{"rendered":"\n<p><strong>Tepeapulco<\/strong>.- En beneficio de 40 familias de las comunidades de\u00a0 Palmillas, San Ignacio de Loyola y de Jag\u00fcey Prieto del municipio de Tepeapulco, El Consejo de Administraci\u00f3n interino dio el banderazo de inicio de obra de la construcci\u00f3n de cuartos dormitorios.<\/p>\n\n\n\n<p>El presidente del Concejo de Administraci\u00f3n Jos\u00e9 Augusto Jasso Aboytes, se\u00f1al\u00f3 que uno de los prop\u00f3sitos es el abatimiento del rezago social, como es el caso de cuartos dobles y que al menos tengan un techo digno donde vivir.<\/p>\n\n\n\n<p>Sobre el rezago social, espec\u00edfico que se est\u00e1 recurriendo a instancias federales y estatales, para obtener apoyo para erradicarlo, no en su totalidad, pero de ser posible llegar a un 50 por ciento, en comunidades que est\u00e1n ubicadas en esta vulnerabilidad.<\/p>\n\n\n\n<p>Jasso Aboytes&nbsp; expres\u00f3 que en Tepeapulco, existen al menos diez comunidades en extrema pobreza, tanto en vivienda como en servicios b\u00e1sicos, ah\u00ed se est\u00e1 invirtiendo. Tambi\u00e9n se\u00f1al\u00f3 que este programa de se ampliar\u00e1 a diferentes comunidades a lo largo de este municipio, para que m\u00e1s familias que no tienen vivienda digna, cuenten con un patrimonio.<\/p>\n\n\n\n<p>Se\u00f1al\u00f3 que los beneficiarios de este programa, fueron seleccionados por las condiciones de vida en que viv\u00edan, y en&nbsp; las condiciones de extrema pobreza que existe en cada una de estas comunidades, ubicadas en zonas de extrema pobreza.&nbsp;<\/p>\n\n\n\n<p>Dijo que los trabajos constan de la construcci\u00f3n de los cuartos dormitorios, que deber\u00e1n constar de base de cimentaci\u00f3n, cadenas de desplante, muros, castillos, cadenas de cerramiento, aplanados, pintura, instalaci\u00f3n el\u00e9ctrica, canceler\u00eda y todo lo necesario para su funcionamiento.<\/p>\n","protected":false},"excerpt":{"rendered":"<p>Tepeapulco.- En beneficio de 40 familias de las comunidades de\u00a0 Palmillas, San Ignacio de Loyola y de Jag\u00fcey Prieto del municipio de Tepeapulco, El Consejo de Administraci\u00f3n interino dio el banderazo de inicio de obra de la construcci\u00f3n de cuartos dormitorios. El presidente del Concejo de Administraci\u00f3n Jos\u00e9 Augusto Jasso Aboytes, se\u00f1al\u00f3 que uno de [&hellip;]<\/p>\n","protected":false},"author":69,"featured_media":140104,"comment_status":"closed","ping_status":"open","sticky":false,"template":"","format":"standard","meta":{"footnotes":""},"categories":[40],"tags":[],"class_list":["post-140103","post","type-post","status-publish","format-standard","has-post-thumbnail","hentry","category-region"],"_links":{"self":[{"href":"https:\/\/plazajuarez.mx\/historico\/wp-json\/wp\/v2\/posts\/140103","targetHints":{"allow":["GET"]}}],"collection":[{"href":"https:\/\/plazajuarez.mx\/historico\/wp-json\/wp\/v2\/posts"}],"about":[{"href":"https:\/\/plazajuarez.mx\/historico\/wp-json\/wp\/v2\/types\/post"}],"author":[{"embeddable":true,"href":"https:\/\/plazajuarez.mx\/historico\/wp-json\/wp\/v2\/users\/69"}],"replies":[{"embeddable":true,"href":"https:\/\/plazajuarez.mx\/historico\/wp-json\/wp\/v2\/comments?post=140103"}],"version-history":[{"count":0,"href":"https:\/\/plazajuarez.mx\/historico\/wp-json\/wp\/v2\/posts\/140103\/revisions"}],"wp:featuredmedia":[{"embeddable":true,"href":"https:\/\/plazajuarez.mx\/historico\/wp-json\/wp\/v2\/media\/140104"}],"wp:attachment":[{"href":"https:\/\/plazajuarez.mx\/historico\/wp-json\/wp\/v2\/media?parent=140103"}],"wp:term":[{"taxonomy":"category","embeddable":true,"href":"https:\/\/plazajuarez.mx\/historico\/wp-json\/wp\/v2\/categories?post=140103"},{"taxonomy":"post_tag","embeddable":true,"href":"https:\/\/plazajuarez.mx\/historico\/wp-json\/wp\/v2\/tags?post=140103"}],"curies":[{"name":"wp","href":"https:\/\/api.w.org\/{rel}","templated":true}]}}