{"id":140045,"date":"2020-11-10T08:49:19","date_gmt":"2020-11-10T14:49:19","guid":{"rendered":"https:\/\/plazajuarez.mx\/?p=140045"},"modified":"2020-11-10T08:49:36","modified_gmt":"2020-11-10T14:49:36","slug":"fallece-isidro-pedraza","status":"publish","type":"post","link":"https:\/\/plazajuarez.mx\/historico\/fallece-isidro-pedraza\/","title":{"rendered":"Fallece Isidro Pedraza"},"content":{"rendered":"\n<p>Este martes a trav\u00e9s de las Redes sociales se dio a conocer el fallecimiento del ex senador Isidro Pedraza Chavez, quien en plena contienda por la presidencia municipal de Pachuca se enferm\u00f3 de Covid19. <\/p>\n\n\n\n<p>Trascendi\u00f3 que tras haber superado la enfermedad esta desencaden\u00f3 otras que mermaron su salud.<\/p>\n\n\n\n<p>Diversos actores pol\u00edticos entre los que destaca el dirigente nacional del Partido de la Revoluci\u00f3n Democr\u00e1tica (PRD), Jes\u00fas Zambrano, han mostrado sus condolencias.<\/p>\n\n\n\n<p>&#8220;Con tristeza me he enterado del fallecimiento de nuestro compa\u00f1ero perredista Isidro Pedraza, siempre entregado a las causas m\u00e1s justas de la gente&#8221;, se\u00f1al\u00f3 el l\u00edder nacional del Sol Azteca.<\/p>\n","protected":false},"excerpt":{"rendered":"<p>Este martes a trav\u00e9s de las Redes sociales se dio a conocer el fallecimiento del ex senador Isidro Pedraza Chavez, quien en plena contienda por la presidencia municipal de Pachuca se enferm\u00f3 de Covid19. Trascendi\u00f3 que tras haber superado la enfermedad esta desencaden\u00f3 otras que mermaron su salud. Diversos actores pol\u00edticos entre los que destaca [&hellip;]<\/p>\n","protected":false},"author":72,"featured_media":133236,"comment_status":"closed","ping_status":"open","sticky":false,"template":"","format":"standard","meta":{"footnotes":""},"categories":[15,59],"tags":[],"class_list":["post-140045","post","type-post","status-publish","format-standard","has-post-thumbnail","hentry","category-destacadas","category-general"],"_links":{"self":[{"href":"https:\/\/plazajuarez.mx\/historico\/wp-json\/wp\/v2\/posts\/140045","targetHints":{"allow":["GET"]}}],"collection":[{"href":"https:\/\/plazajuarez.mx\/historico\/wp-json\/wp\/v2\/posts"}],"about":[{"href":"https:\/\/plazajuarez.mx\/historico\/wp-json\/wp\/v2\/types\/post"}],"author":[{"embeddable":true,"href":"https:\/\/plazajuarez.mx\/historico\/wp-json\/wp\/v2\/users\/72"}],"replies":[{"embeddable":true,"href":"https:\/\/plazajuarez.mx\/historico\/wp-json\/wp\/v2\/comments?post=140045"}],"version-history":[{"count":0,"href":"https:\/\/plazajuarez.mx\/historico\/wp-json\/wp\/v2\/posts\/140045\/revisions"}],"wp:featuredmedia":[{"embeddable":true,"href":"https:\/\/plazajuarez.mx\/historico\/wp-json\/wp\/v2\/media\/133236"}],"wp:attachment":[{"href":"https:\/\/plazajuarez.mx\/historico\/wp-json\/wp\/v2\/media?parent=140045"}],"wp:term":[{"taxonomy":"category","embeddable":true,"href":"https:\/\/plazajuarez.mx\/historico\/wp-json\/wp\/v2\/categories?post=140045"},{"taxonomy":"post_tag","embeddable":true,"href":"https:\/\/plazajuarez.mx\/historico\/wp-json\/wp\/v2\/tags?post=140045"}],"curies":[{"name":"wp","href":"https:\/\/api.w.org\/{rel}","templated":true}]}}