{"id":140037,"date":"2020-11-10T07:15:03","date_gmt":"2020-11-10T13:15:03","guid":{"rendered":"https:\/\/plazajuarez.mx\/?p=140037"},"modified":"2020-11-10T07:15:19","modified_gmt":"2020-11-10T13:15:19","slug":"el-faro-19","status":"publish","type":"post","link":"https:\/\/plazajuarez.mx\/historico\/el-faro-19\/","title":{"rendered":"El Faro"},"content":{"rendered":"\n<h2 class=\"wp-block-heading\"><strong>Todas y todos<\/strong><\/h2>\n\n\n\n<!--more-->\n\n\n\n<p>Como en cualquier adici\u00f3n, la suma de dos elementos da un resultado que resulta ser un tercer elemento. En el caso del encabezado de este escrito la distinci\u00f3n en el g\u00e9nero de los adjetivos es el resultado de dos razones: la primera de ellas es la necesidad de evidenciar y de solucionar el grave problema de invisibilizaci\u00f3n y desigualdad que las mujeres viven en todas las sociedades por el hecho de ser mujeres. La segunda raz\u00f3n tiene que ver con el uso pol\u00edtico de las normas ling\u00fc\u00edsticas, con su necesidad de parecer \u201cpol\u00edticamente\u201d correctos.<\/p>\n\n\n\n<p>La primera de estas dos razones, por desgracia, se presenta a nuestros ojos como evidente. Las mujeres, por su propia condici\u00f3n, no reciben en ninguna sociedad conocida el mismo trato que reciben los varones. La motivaci\u00f3n \u00faltima es que simplemente son mujeres. Esta pr\u00e1ctica es muy seria y conlleva extremos m\u00e1s graves, como pueden ser la violencia, la falta de reconocimiento, la burla y la muerte\u2026 por el simple hecho de ser mujer.&nbsp;<\/p>\n\n\n\n<p>La segunda raz\u00f3n tiene que ver con el desastre. Las alocuciones y declaraciones de los pol\u00edticos no suelen ser, precisamente, elementos gloriosos de correcci\u00f3n gramatical o de altura elevada de elocuencia. No es en ellos en donde podemos encontrar la encarnaci\u00f3n de la propiedad en el idioma.<\/p>\n\n\n\n<p>Sin embargo, los pol\u00edticos, se han encargado del desglose del g\u00e9nero gramatical para intentar visibilizar el problema social y personal de la mujer. El resultado de su iniciativa corre un doble peligro: el primero, la violaci\u00f3n de la regla de la simplicidad del idioma. Lo bueno, si es breve, es doblemente bueno. Las alocuciones pol\u00edticas se han convertido en unos farragosos discursos que se alargan hasta el cansancio desdoblando constantemente el g\u00e9nero de las palabras, incluso cuando la palabra no tiene desglose posible (miembros\/miembros). El segundo de los peligros, el m\u00e1s frecuente, es que se comience con mucha enjundia a desglosar el g\u00e9nero en los adjetivos o en los art\u00edculos y no se haga de manera concordante con los sustantivos. Es frecuente escuchar \u201clas y los mexicanos\u201d o \u201clas y los ciudadanos\u201d, por ejemplo.<\/p>\n\n\n\n<p>Este \u00faltimo peligro refleja, creo yo, lo m\u00e1s grave del asunto que tratamos. Nos preocupamos por el g\u00e9nero de lo adjetivo y nos olvidamos de \u00e9l en lo sustantivo. Nos desgastamos en forzar el lenguaje, a veces sin criterio, y nos olvidamos de mostrar y denunciar la desigualdad de las personas de g\u00e9nero femenino. Lo primero es adjetivo, lo segundo sustantivo.&nbsp;<\/p>\n\n\n\n<p>Una mujer discriminada por cualquier motivo, seguramente, buscar\u00e1 con m\u00e1s fuerza que no le vuelva a suceder lo mismo, que nadie m\u00e1s le haga de menos. Todo ello, aunque el justiciero o justiciera en turno, no desglose el g\u00e9nero de sus palabras. Cuando todas las mujeres vivan en todos los lugares del mundo realmente bajo las mismas condiciones que todo var\u00f3n, entonces podremos, incluso, acordar que el g\u00e9nero femenino sea el que lleve en nuestro idioma la connotaci\u00f3n general y universal. Esto, por tener la necesidad de que todos seamos iguales y de que la simplicidad de nuestro idioma nos acomode mejor a todos. Lo primero es sustantivo y lo segundo adjetivo.&nbsp;<\/p>\n","protected":false},"excerpt":{"rendered":"<p>Todas y todos<\/p>\n","protected":false},"author":98,"featured_media":0,"comment_status":"closed","ping_status":"open","sticky":false,"template":"","format":"standard","meta":{"footnotes":""},"categories":[1006,42],"tags":[],"class_list":["post-140037","post","type-post","status-publish","format-standard","hentry","category-dr-jesus-ignacio-panedas-galindo","category-nuestrapalabra"],"_links":{"self":[{"href":"https:\/\/plazajuarez.mx\/historico\/wp-json\/wp\/v2\/posts\/140037","targetHints":{"allow":["GET"]}}],"collection":[{"href":"https:\/\/plazajuarez.mx\/historico\/wp-json\/wp\/v2\/posts"}],"about":[{"href":"https:\/\/plazajuarez.mx\/historico\/wp-json\/wp\/v2\/types\/post"}],"author":[{"embeddable":true,"href":"https:\/\/plazajuarez.mx\/historico\/wp-json\/wp\/v2\/users\/98"}],"replies":[{"embeddable":true,"href":"https:\/\/plazajuarez.mx\/historico\/wp-json\/wp\/v2\/comments?post=140037"}],"version-history":[{"count":0,"href":"https:\/\/plazajuarez.mx\/historico\/wp-json\/wp\/v2\/posts\/140037\/revisions"}],"wp:attachment":[{"href":"https:\/\/plazajuarez.mx\/historico\/wp-json\/wp\/v2\/media?parent=140037"}],"wp:term":[{"taxonomy":"category","embeddable":true,"href":"https:\/\/plazajuarez.mx\/historico\/wp-json\/wp\/v2\/categories?post=140037"},{"taxonomy":"post_tag","embeddable":true,"href":"https:\/\/plazajuarez.mx\/historico\/wp-json\/wp\/v2\/tags?post=140037"}],"curies":[{"name":"wp","href":"https:\/\/api.w.org\/{rel}","templated":true}]}}