{"id":140030,"date":"2020-11-10T07:11:28","date_gmt":"2020-11-10T13:11:28","guid":{"rendered":"https:\/\/plazajuarez.mx\/?p=140030"},"modified":"2020-11-10T07:11:44","modified_gmt":"2020-11-10T13:11:44","slug":"instalan-el-consejo-de-conmemoraciones-2021","status":"publish","type":"post","link":"https:\/\/plazajuarez.mx\/historico\/instalan-el-consejo-de-conmemoraciones-2021\/","title":{"rendered":"Instalan el Consejo de Conmemoraciones 2021"},"content":{"rendered":"\n<p>El gobernador Omar Fayad tom\u00f3 protesta a las y los integrantes del Consejo Estatal de Conmemoraciones 2021 de Hidalgo, con el objetivo de proponer y coordinar las acciones para festejar los 200 a\u00f1os de la Consumaci\u00f3n de la Independencia, entre otros acontecimientos hist\u00f3ricos.<\/p>\n\n\n\n<p>En presencia de autoridades federales, estatales y municipales e integrantes de dicho organismo, el mandatario hidalguense se\u00f1al\u00f3 que el pr\u00f3ximo a\u00f1o \u201cser\u00e1 un gran momento, para poder conmemorar estos 500 a\u00f1os de la resistencia de los pueblos ind\u00edgenas y la conquista de M\u00e9xico y 200 a\u00f1os de la independencia que tuvimos del sometimiento que tuvimos del pueblo espa\u00f1ol\u201d.<\/p>\n\n\n\n<p>Consider\u00f3 que a partir de este hecho fue que se construyeron las bases de esta gran naci\u00f3n que hoy es resultado de la fusi\u00f3n de un pueblo en la b\u00fasqueda de su identidad.&nbsp;<\/p>\n\n\n\n<p>Insisti\u00f3 en que se debe aprovechar el 2021 para hacer un gran llamado a la unidad, que a veces se ve afectada por diferentes formas de pensar, pues \u201cM\u00e9xico es m\u00e1s que colores y partidos pol\u00edticos, M\u00e9xico somos la gente, es el pueblo, y creo que tenemos que plantear la unidad nacional en el 21 como tema toral y fundamental\u201d.<\/p>\n\n\n\n<p>Preservar la memoria hist\u00f3rica de nuestra patria y del estado de Hidalgo es recordar con orgullo nuestras ra\u00edces, entender que somos la conjunci\u00f3n de un pasado y un presente cambiante, pero sobre todo es voltear a ver el camino recorrido con reconocimiento y aprecio, precis\u00f3 el jefe del Ejecutivo estatal.<\/p>\n\n\n\n<p>Al respecto, Eduardo Villegas Meg\u00edas, coordinador general de Memoria Hist\u00f3rica y Cultural M\u00e9xico, se\u00f1al\u00f3 que precisamente el hidalguense es el primer consejo que se instala despu\u00e9s de la Ciudad de M\u00e9xico, como una muestra de la importancia y voluntad pol\u00edtica que ha puesto el gobernador Omar Fayad en la conservaci\u00f3n de la memoria hist\u00f3rica.<br>De esa forma, tras la conformaci\u00f3n del Consejo Estatal de Conmemoraciones 2021, integrado por funcionarios de los tres \u00f3rdenes de gobierno, se definir\u00e1n las celebraciones que se realizar\u00e1n dentro del Programa Anual de Actividades, encabezadas por el gobierno federal, bajo una visi\u00f3n incluyente sobre las aportaciones a la historia de M\u00e9xico en el \u00e1mbito cultural, social y cient\u00edfico.<\/p>\n","protected":false},"excerpt":{"rendered":"<p>El gobernador Omar Fayad tom\u00f3 protesta a las y los integrantes del Consejo Estatal de Conmemoraciones 2021 de Hidalgo, con el objetivo de proponer y coordinar las acciones para festejar los 200 a\u00f1os de la Consumaci\u00f3n de la Independencia, entre otros acontecimientos hist\u00f3ricos. En presencia de autoridades federales, estatales y municipales e integrantes de dicho [&hellip;]<\/p>\n","protected":false},"author":93,"featured_media":140031,"comment_status":"closed","ping_status":"open","sticky":false,"template":"","format":"standard","meta":{"footnotes":""},"categories":[15,59],"tags":[],"class_list":["post-140030","post","type-post","status-publish","format-standard","has-post-thumbnail","hentry","category-destacadas","category-general"],"_links":{"self":[{"href":"https:\/\/plazajuarez.mx\/historico\/wp-json\/wp\/v2\/posts\/140030","targetHints":{"allow":["GET"]}}],"collection":[{"href":"https:\/\/plazajuarez.mx\/historico\/wp-json\/wp\/v2\/posts"}],"about":[{"href":"https:\/\/plazajuarez.mx\/historico\/wp-json\/wp\/v2\/types\/post"}],"author":[{"embeddable":true,"href":"https:\/\/plazajuarez.mx\/historico\/wp-json\/wp\/v2\/users\/93"}],"replies":[{"embeddable":true,"href":"https:\/\/plazajuarez.mx\/historico\/wp-json\/wp\/v2\/comments?post=140030"}],"version-history":[{"count":0,"href":"https:\/\/plazajuarez.mx\/historico\/wp-json\/wp\/v2\/posts\/140030\/revisions"}],"wp:featuredmedia":[{"embeddable":true,"href":"https:\/\/plazajuarez.mx\/historico\/wp-json\/wp\/v2\/media\/140031"}],"wp:attachment":[{"href":"https:\/\/plazajuarez.mx\/historico\/wp-json\/wp\/v2\/media?parent=140030"}],"wp:term":[{"taxonomy":"category","embeddable":true,"href":"https:\/\/plazajuarez.mx\/historico\/wp-json\/wp\/v2\/categories?post=140030"},{"taxonomy":"post_tag","embeddable":true,"href":"https:\/\/plazajuarez.mx\/historico\/wp-json\/wp\/v2\/tags?post=140030"}],"curies":[{"name":"wp","href":"https:\/\/api.w.org\/{rel}","templated":true}]}}