{"id":140027,"date":"2020-11-10T07:09:53","date_gmt":"2020-11-10T13:09:53","guid":{"rendered":"https:\/\/plazajuarez.mx\/?p=140027"},"modified":"2020-11-10T07:10:08","modified_gmt":"2020-11-10T13:10:08","slug":"capturaron-a-un-ex-presidente-municipal-de-tepeapulco","status":"publish","type":"post","link":"https:\/\/plazajuarez.mx\/historico\/capturaron-a-un-ex-presidente-municipal-de-tepeapulco\/","title":{"rendered":"Capturaron a un ex presidente municipal de Tepeapulco"},"content":{"rendered":"\n<p>La noche de ayer, en Ciudad Sahag\u00fan elementos de la Polic\u00eda Ministerial de investigaci\u00f3n Federal realizaron la captura del expresidente municipal de Tepeapulco, Jos\u00e9 Alfonso Delgadillo L\u00f3pez.<\/p>\n\n\n\n<p><br>Fue mediante labores de inteligencia y vigilancia permanente, como los polic\u00edas federales concretaron la detenci\u00f3n del exedil de Tepeapulco.<\/p>\n\n\n\n<p><br>El acierto policial tuvo lugar en la colonia Carros de Ciudad Sahag\u00fan, cuando Jos\u00e9 Alfonso Delgadillo habr\u00eda acudido a comprar unos medicamentos a una farmacia.<\/p>\n\n\n\n<p><br>Se sabe que los polic\u00edas de investigaci\u00f3n de inmediato pusieron al detenido a disposici\u00f3n del Juez de Control de Procedimientos Penales donde le habr\u00edan de informar sobre las causas de su detenci\u00f3n.<\/p>\n","protected":false},"excerpt":{"rendered":"<p>La noche de ayer, en Ciudad Sahag\u00fan elementos de la Polic\u00eda Ministerial de investigaci\u00f3n Federal realizaron la captura del expresidente municipal de Tepeapulco, Jos\u00e9 Alfonso Delgadillo L\u00f3pez. Fue mediante labores de inteligencia y vigilancia permanente, como los polic\u00edas federales concretaron la detenci\u00f3n del exedil de Tepeapulco. El acierto policial tuvo lugar en la colonia Carros [&hellip;]<\/p>\n","protected":false},"author":93,"featured_media":140028,"comment_status":"closed","ping_status":"open","sticky":false,"template":"","format":"standard","meta":{"footnotes":""},"categories":[37,15],"tags":[],"class_list":["post-140027","post","type-post","status-publish","format-standard","has-post-thumbnail","hentry","category-barandilla","category-destacadas"],"_links":{"self":[{"href":"https:\/\/plazajuarez.mx\/historico\/wp-json\/wp\/v2\/posts\/140027","targetHints":{"allow":["GET"]}}],"collection":[{"href":"https:\/\/plazajuarez.mx\/historico\/wp-json\/wp\/v2\/posts"}],"about":[{"href":"https:\/\/plazajuarez.mx\/historico\/wp-json\/wp\/v2\/types\/post"}],"author":[{"embeddable":true,"href":"https:\/\/plazajuarez.mx\/historico\/wp-json\/wp\/v2\/users\/93"}],"replies":[{"embeddable":true,"href":"https:\/\/plazajuarez.mx\/historico\/wp-json\/wp\/v2\/comments?post=140027"}],"version-history":[{"count":0,"href":"https:\/\/plazajuarez.mx\/historico\/wp-json\/wp\/v2\/posts\/140027\/revisions"}],"wp:featuredmedia":[{"embeddable":true,"href":"https:\/\/plazajuarez.mx\/historico\/wp-json\/wp\/v2\/media\/140028"}],"wp:attachment":[{"href":"https:\/\/plazajuarez.mx\/historico\/wp-json\/wp\/v2\/media?parent=140027"}],"wp:term":[{"taxonomy":"category","embeddable":true,"href":"https:\/\/plazajuarez.mx\/historico\/wp-json\/wp\/v2\/categories?post=140027"},{"taxonomy":"post_tag","embeddable":true,"href":"https:\/\/plazajuarez.mx\/historico\/wp-json\/wp\/v2\/tags?post=140027"}],"curies":[{"name":"wp","href":"https:\/\/api.w.org\/{rel}","templated":true}]}}