{"id":140011,"date":"2020-11-10T06:58:18","date_gmt":"2020-11-10T12:58:18","guid":{"rendered":"https:\/\/plazajuarez.mx\/?p=140011"},"modified":"2020-11-10T06:58:38","modified_gmt":"2020-11-10T12:58:38","slug":"alfil-negro-1956","status":"publish","type":"post","link":"https:\/\/plazajuarez.mx\/historico\/alfil-negro-1956\/","title":{"rendered":"ALFIL NEGRO"},"content":{"rendered":"\n<h2 class=\"wp-block-heading\">JORGE M\u00c1RQUEZ \u00bfCLAVO FINAL\u00a0DEL ATA\u00daD DEL GRUPO UNIVERSIDAD?<\/h2>\n\n\n\n<!--more-->\n\n\n\n<p>Jorge M\u00e1rquez, que de acuerdo al c\u00f3mputo y recuento de votos de la elecci\u00f3n, result\u00f3 vencedor en el municipio de Tulancingo, particularmente, contra el candidato de Grupo Universidad Dami\u00e1n Sosa, puede resultar por el valor pol\u00edtico de este municipio&nbsp; como el \u00faltimo clavo del Grupo de Sosa, que se aferra a este municipio con todo para no tener que vivir con la victoria de M\u00e1rquez el clavo final de su&nbsp; ata\u00fad pol\u00edtico.<\/p>\n\n\n\n<p>Desde luego que el municipio de las antenas, es muy importante en la vida del estado, hasta ser considerado el segundo en importancia en la vida estatal, pero a su importancia social y econ\u00f3mica, se suma particularmente en esta hora, la importancia pol\u00edtica para el PRI y en grado de emergencia y s\u00edmbolo de existencia no para Morena, sino para el Grupo de Sosa y m\u00e1s para el candidato derrotado hasta el momento, por ser hermano del susodicho.<\/p>\n\n\n\n<p>Si Dami\u00e1n Sosa ganara, se convertir\u00eda en grito de guerra de su grupo, y de alguna manera en expresi\u00f3n de sobrevivencia&nbsp; en la vida de Hidalgo, pues de lo contrario, como todo indica&nbsp; que suceder\u00e1, es claro que puede simbolizar su despedida como grupo de poder.<\/p>\n\n\n\n<p>M\u00e1rquez no s\u00f3lo significa en su victoria posible, que el partido tricolor gane un municipio importante, significa que \u00e9l como alcalde ser\u00eda un clavo ardiente en la cala&nbsp; pol\u00edtica&nbsp; de un grupo muy poderoso en la historia de la entidad.<\/p>\n\n\n\n<p>Por eso,&nbsp; lo que Dami\u00e1n se\u00f1ala en el sentido de que su impugnaciones &#8220;es la mejor armada jur\u00eddicamente&#8221;, suponemos que como mensaje de que tiene el respaldo del Grupo Universidad, donde de acuerdo&nbsp; a Lidia&nbsp; Garc\u00eda est\u00e1n &#8220;los pensantes de Hidalgo&#8221;&nbsp; y luego como debe ser la presi\u00f3n contra el Tribunal Electoral de Mar\u00eda Luisa&nbsp; Oviedo, al que le advirti\u00f3&nbsp; como en los tiempos en que&nbsp; se sent\u00edan autoridad, que ojal\u00e1 no tuvieran amenazas, presiones o inconsistencias como el IEEH, en un acto donde el medio de la Universidad, dijo que se hab\u00edan reunido en Huapalcalco casi mil personas, pese a que Dami\u00e1n hab\u00eda dicho que \u00e9l no recurrir\u00eda a ese tipo de eventos, porque no era de esas personas que recurren a estas maneras de manifestarse.<\/p>\n\n\n\n<p>Es notorio&nbsp; el lenguaje nervioso de Dami\u00e1n y de sus aliados, que por sus reacciones, se dan cuenta que de perder, Jorge M\u00e1rquez ser\u00e1 el \u00faltimo clavo del ata\u00fad.&nbsp;<\/p>\n\n\n\n<p>Si el TEEH los declara perdedores, ya se sabe que agotar\u00e1n todos sus recursos y se ir\u00e1n a instancias federales.<\/p>\n\n\n\n<p>Un desesperado va a todas y \u00e9ste anda medio desesperado.<\/p>\n\n\n\n<p>Tanto que hay rumores, s\u00f3lo eso, de decisiones poco responsables para el 15 de diciembre cuando M\u00e1rquez tome posesi\u00f3n.<\/p>\n","protected":false},"excerpt":{"rendered":"<p>JORGE M\u00c1RQUEZ \u00bfCLAVO FINAL\u00a0DEL ATA\u00daD DEL GRUPO UNIVERSIDAD?<\/p>\n","protected":false},"author":83,"featured_media":0,"comment_status":"closed","ping_status":"open","sticky":false,"template":"","format":"standard","meta":{"footnotes":""},"categories":[48,42],"tags":[],"class_list":["post-140011","post","type-post","status-publish","format-standard","hentry","category-adalberto-peralta","category-nuestrapalabra"],"_links":{"self":[{"href":"https:\/\/plazajuarez.mx\/historico\/wp-json\/wp\/v2\/posts\/140011","targetHints":{"allow":["GET"]}}],"collection":[{"href":"https:\/\/plazajuarez.mx\/historico\/wp-json\/wp\/v2\/posts"}],"about":[{"href":"https:\/\/plazajuarez.mx\/historico\/wp-json\/wp\/v2\/types\/post"}],"author":[{"embeddable":true,"href":"https:\/\/plazajuarez.mx\/historico\/wp-json\/wp\/v2\/users\/83"}],"replies":[{"embeddable":true,"href":"https:\/\/plazajuarez.mx\/historico\/wp-json\/wp\/v2\/comments?post=140011"}],"version-history":[{"count":0,"href":"https:\/\/plazajuarez.mx\/historico\/wp-json\/wp\/v2\/posts\/140011\/revisions"}],"wp:attachment":[{"href":"https:\/\/plazajuarez.mx\/historico\/wp-json\/wp\/v2\/media?parent=140011"}],"wp:term":[{"taxonomy":"category","embeddable":true,"href":"https:\/\/plazajuarez.mx\/historico\/wp-json\/wp\/v2\/categories?post=140011"},{"taxonomy":"post_tag","embeddable":true,"href":"https:\/\/plazajuarez.mx\/historico\/wp-json\/wp\/v2\/tags?post=140011"}],"curies":[{"name":"wp","href":"https:\/\/api.w.org\/{rel}","templated":true}]}}