{"id":139713,"date":"2020-11-07T07:18:02","date_gmt":"2020-11-07T13:18:02","guid":{"rendered":"https:\/\/plazajuarez.mx\/?p=139713"},"modified":"2020-11-07T07:18:20","modified_gmt":"2020-11-07T13:18:20","slug":"urge-mayor-etica-en-funcionarios","status":"publish","type":"post","link":"https:\/\/plazajuarez.mx\/historico\/urge-mayor-etica-en-funcionarios\/","title":{"rendered":"Urge mayor \u00e9tica en funcionarios"},"content":{"rendered":"\n<p>El diputado local de la fracci\u00f3n del partido del Movimiento de Regeneraci\u00f3n Nacional (Morena) V\u00edctor Guerrero Trejo, pidi\u00f3 que a los requisitos de las personas que vayan&nbsp; a ocupar un puesto como servidores p\u00fablicos se les pida el tres de tres contra la violencia de g\u00e9nero, es decir que comprueben que no tienen ni han tenido procesos en temas de: deudas de pensi\u00f3n alimenticia, acoso sexual y agresi\u00f3n.<\/p>\n\n\n\n<p>Por lo anterior, se\u00f1al\u00f3 que es necesario que sea reformada la constituci\u00f3n pol\u00edtica del estado, raz\u00f3n por la cual deber\u00e1 tener un mayor n\u00famero de votos a favor, por lo que adelant\u00f3 que aquellos diputados varones que vean perjudicados sus intereses personales podr\u00edan votar en contra de una disposici\u00f3n que en mucho beneficiar\u00e1 a las mujeres de la entidad.<\/p>\n\n\n\n<p>Adem\u00e1s, agreg\u00f3 que es necesario que se tenga mayor \u00e9tica en la selecci\u00f3n de los perfiles pero tambi\u00e9n en el historial de las personas que llegan a ocupar un puesto popular, \u201cse deben observar estos aspectos para elevar el nivel de la \u00e9tica p\u00fablica a fin de lograr implementar formas de relaciones institucionales, pol\u00edticas y sociales libres de violencia\u201d, dijo.<\/p>\n\n\n\n<p>Finalmente, apunt\u00f3 que aunque para muchos, estos requisitos podr\u00edan representar un cierre de puertas a sus carreras profesionales dentro de la administraci\u00f3n p\u00fablica, \u201cson necesarios para lograr erradicar las conductas de maltrato agresi\u00f3n y acoso en contra de las mujeres\u201d, ya que asegur\u00f3 que es&nbsp; necesario que se busquen funcionarios y servidores p\u00fablicos congruentes y ejemplares en todo momento, y no s\u00f3lo cuando buscan un puesto al servicio de la ciudadan\u00eda.&nbsp;<\/p>\n\n\n\n<p><\/p>\n\n\n\n<p><\/p>\n","protected":false},"excerpt":{"rendered":"<p>El diputado local de la fracci\u00f3n del partido del Movimiento de Regeneraci\u00f3n Nacional (Morena) V\u00edctor Guerrero Trejo, pidi\u00f3 que a los requisitos de las personas que vayan&nbsp; a ocupar un puesto como servidores p\u00fablicos se les pida el tres de tres contra la violencia de g\u00e9nero, es decir que comprueben que no tienen ni han [&hellip;]<\/p>\n","protected":false},"author":72,"featured_media":139714,"comment_status":"closed","ping_status":"open","sticky":false,"template":"","format":"standard","meta":{"footnotes":""},"categories":[59],"tags":[],"class_list":["post-139713","post","type-post","status-publish","format-standard","has-post-thumbnail","hentry","category-general"],"_links":{"self":[{"href":"https:\/\/plazajuarez.mx\/historico\/wp-json\/wp\/v2\/posts\/139713","targetHints":{"allow":["GET"]}}],"collection":[{"href":"https:\/\/plazajuarez.mx\/historico\/wp-json\/wp\/v2\/posts"}],"about":[{"href":"https:\/\/plazajuarez.mx\/historico\/wp-json\/wp\/v2\/types\/post"}],"author":[{"embeddable":true,"href":"https:\/\/plazajuarez.mx\/historico\/wp-json\/wp\/v2\/users\/72"}],"replies":[{"embeddable":true,"href":"https:\/\/plazajuarez.mx\/historico\/wp-json\/wp\/v2\/comments?post=139713"}],"version-history":[{"count":0,"href":"https:\/\/plazajuarez.mx\/historico\/wp-json\/wp\/v2\/posts\/139713\/revisions"}],"wp:featuredmedia":[{"embeddable":true,"href":"https:\/\/plazajuarez.mx\/historico\/wp-json\/wp\/v2\/media\/139714"}],"wp:attachment":[{"href":"https:\/\/plazajuarez.mx\/historico\/wp-json\/wp\/v2\/media?parent=139713"}],"wp:term":[{"taxonomy":"category","embeddable":true,"href":"https:\/\/plazajuarez.mx\/historico\/wp-json\/wp\/v2\/categories?post=139713"},{"taxonomy":"post_tag","embeddable":true,"href":"https:\/\/plazajuarez.mx\/historico\/wp-json\/wp\/v2\/tags?post=139713"}],"curies":[{"name":"wp","href":"https:\/\/api.w.org\/{rel}","templated":true}]}}