{"id":139615,"date":"2020-11-06T10:45:38","date_gmt":"2020-11-06T16:45:38","guid":{"rendered":"https:\/\/plazajuarez.mx\/?p=139615"},"modified":"2020-11-06T10:45:52","modified_gmt":"2020-11-06T16:45:52","slug":"etiopia-declara-la-guerra-a-la-region-de-tigray","status":"publish","type":"post","link":"https:\/\/plazajuarez.mx\/historico\/etiopia-declara-la-guerra-a-la-region-de-tigray\/","title":{"rendered":"Etiop\u00eda declara la guerra a la regi\u00f3n de Tigray"},"content":{"rendered":"\n<p>EFE.- El Gobierno de Etiop\u00eda afirm\u00f3 ayer que entr\u00f3 &#8220;en guerra&#8221; con el gobierno rebelde de la regi\u00f3n de Tigray, tras la ofensiva militar lanzada el mi\u00e9rcoles, y bombarde\u00f3 la capital tigri\u00f1a de Mekele, pese a la presi\u00f3n internacional para que cesen las hostilidades y el riesgo de que sufra la poblaci\u00f3n civil.<\/p>\n\n\n\n<p>&#8220;Nuestro pa\u00eds ha entrado en una guerra que no hab\u00eda previsto&#8221;, dijo ayer el n\u00famero dos del Estado Mayor del Ej\u00e9rcito et\u00edope, teniente general Birhanu Jula, en una rueda de prensa en Ad\u00eds Abeba.<\/p>\n\n\n\n<p>&#8220;Es humillante para nosotros entrar en guerra con nuestro propio pueblo. Pero no tenemos otra opci\u00f3n&#8221;, remarc\u00f3 el teniente general.<\/p>\n\n\n\n<p>El gobierno del Frente de Liberaci\u00f3n del Tigray (TPLF) denunci\u00f3 en un comunicado que, &#8220;en un intento de someter al estado regional de Tigray y sus ciudadanos&#8221;, el Ej\u00e9rcito federal ha bombardeado Mekele &#8220;en un ataque a\u00e9reo cometido esta noche&#8221;, sin especificar los da\u00f1os que ha ocasionado o si ha habido v\u00edctimas.<\/p>\n\n\n\n<p>Es dif\u00edcil saber cu\u00e1l es la situaci\u00f3n sobre el terreno, pues el Gobierno federal ha cortado las telecomunicaciones e Internet en Tigray.<\/p>\n","protected":false},"excerpt":{"rendered":"<p>EFE.- El Gobierno de Etiop\u00eda afirm\u00f3 ayer que entr\u00f3 &#8220;en guerra&#8221; con el gobierno rebelde de la regi\u00f3n de Tigray, tras la ofensiva militar lanzada el mi\u00e9rcoles, y bombarde\u00f3 la capital tigri\u00f1a de Mekele, pese a la presi\u00f3n internacional para que cesen las hostilidades y el riesgo de que sufra la poblaci\u00f3n civil. &#8220;Nuestro pa\u00eds [&hellip;]<\/p>\n","protected":false},"author":80,"featured_media":139638,"comment_status":"closed","ping_status":"open","sticky":false,"template":"","format":"standard","meta":{"footnotes":""},"categories":[31],"tags":[],"class_list":["post-139615","post","type-post","status-publish","format-standard","has-post-thumbnail","hentry","category-orbe"],"_links":{"self":[{"href":"https:\/\/plazajuarez.mx\/historico\/wp-json\/wp\/v2\/posts\/139615","targetHints":{"allow":["GET"]}}],"collection":[{"href":"https:\/\/plazajuarez.mx\/historico\/wp-json\/wp\/v2\/posts"}],"about":[{"href":"https:\/\/plazajuarez.mx\/historico\/wp-json\/wp\/v2\/types\/post"}],"author":[{"embeddable":true,"href":"https:\/\/plazajuarez.mx\/historico\/wp-json\/wp\/v2\/users\/80"}],"replies":[{"embeddable":true,"href":"https:\/\/plazajuarez.mx\/historico\/wp-json\/wp\/v2\/comments?post=139615"}],"version-history":[{"count":0,"href":"https:\/\/plazajuarez.mx\/historico\/wp-json\/wp\/v2\/posts\/139615\/revisions"}],"wp:featuredmedia":[{"embeddable":true,"href":"https:\/\/plazajuarez.mx\/historico\/wp-json\/wp\/v2\/media\/139638"}],"wp:attachment":[{"href":"https:\/\/plazajuarez.mx\/historico\/wp-json\/wp\/v2\/media?parent=139615"}],"wp:term":[{"taxonomy":"category","embeddable":true,"href":"https:\/\/plazajuarez.mx\/historico\/wp-json\/wp\/v2\/categories?post=139615"},{"taxonomy":"post_tag","embeddable":true,"href":"https:\/\/plazajuarez.mx\/historico\/wp-json\/wp\/v2\/tags?post=139615"}],"curies":[{"name":"wp","href":"https:\/\/api.w.org\/{rel}","templated":true}]}}