{"id":139614,"date":"2020-11-06T10:41:47","date_gmt":"2020-11-06T16:41:47","guid":{"rendered":"https:\/\/plazajuarez.mx\/?p=139614"},"modified":"2020-11-06T10:41:58","modified_gmt":"2020-11-06T16:41:58","slug":"fallece-el-poeta-y-editor-sandro-cohen","status":"publish","type":"post","link":"https:\/\/plazajuarez.mx\/historico\/fallece-el-poeta-y-editor-sandro-cohen\/","title":{"rendered":"Fallece el poeta y editor Sandro Cohen"},"content":{"rendered":"\n<p>El poeta, traductor y editor Sandro Cohen muri\u00f3 la tarde de ayer jueves, a los 67 a\u00f1os, luego de permanecer hospitalizado, desde el pasado 13 de octubre, por una tos que al poco tiempo le fue diagnosticada como Covid-19.&nbsp;<\/p>\n\n\n\n<p>La familia Cohen Estrada inform\u00f3 de la muerte del narrador, profesor universitario y autor del emblem\u00e1tico libro acad\u00e9mico &#8220;Redacci\u00f3n sin dolor&#8221;. Recordado como un apasionante amante de la bicicleta, su hija Leonora y su esposa, la escritora Josefina Estrada, orgullosas se\u00f1alaban que si se pudiera medir su pedaleo, Sandro le habr\u00eda dado dos vueltas al mundo.<\/p>\n","protected":false},"excerpt":{"rendered":"<p>El poeta, traductor y editor Sandro Cohen muri\u00f3 la tarde de ayer jueves, a los 67 a\u00f1os, luego de permanecer hospitalizado, desde el pasado 13 de octubre, por una tos que al poco tiempo le fue diagnosticada como Covid-19.&nbsp; La familia Cohen Estrada inform\u00f3 de la muerte del narrador, profesor universitario y autor del emblem\u00e1tico [&hellip;]<\/p>\n","protected":false},"author":81,"featured_media":139634,"comment_status":"closed","ping_status":"open","sticky":false,"template":"","format":"standard","meta":{"footnotes":""},"categories":[41],"tags":[],"class_list":["post-139614","post","type-post","status-publish","format-standard","has-post-thumbnail","hentry","category-arteria-cultural"],"_links":{"self":[{"href":"https:\/\/plazajuarez.mx\/historico\/wp-json\/wp\/v2\/posts\/139614","targetHints":{"allow":["GET"]}}],"collection":[{"href":"https:\/\/plazajuarez.mx\/historico\/wp-json\/wp\/v2\/posts"}],"about":[{"href":"https:\/\/plazajuarez.mx\/historico\/wp-json\/wp\/v2\/types\/post"}],"author":[{"embeddable":true,"href":"https:\/\/plazajuarez.mx\/historico\/wp-json\/wp\/v2\/users\/81"}],"replies":[{"embeddable":true,"href":"https:\/\/plazajuarez.mx\/historico\/wp-json\/wp\/v2\/comments?post=139614"}],"version-history":[{"count":0,"href":"https:\/\/plazajuarez.mx\/historico\/wp-json\/wp\/v2\/posts\/139614\/revisions"}],"wp:featuredmedia":[{"embeddable":true,"href":"https:\/\/plazajuarez.mx\/historico\/wp-json\/wp\/v2\/media\/139634"}],"wp:attachment":[{"href":"https:\/\/plazajuarez.mx\/historico\/wp-json\/wp\/v2\/media?parent=139614"}],"wp:term":[{"taxonomy":"category","embeddable":true,"href":"https:\/\/plazajuarez.mx\/historico\/wp-json\/wp\/v2\/categories?post=139614"},{"taxonomy":"post_tag","embeddable":true,"href":"https:\/\/plazajuarez.mx\/historico\/wp-json\/wp\/v2\/tags?post=139614"}],"curies":[{"name":"wp","href":"https:\/\/api.w.org\/{rel}","templated":true}]}}