{"id":139427,"date":"2020-11-05T07:24:58","date_gmt":"2020-11-05T13:24:58","guid":{"rendered":"https:\/\/plazajuarez.mx\/?p=139427"},"modified":"2020-11-05T07:25:14","modified_gmt":"2020-11-05T13:25:14","slug":"habra-trabajo-coordinado-entre-segob-y-gobiernos-priistas","status":"publish","type":"post","link":"https:\/\/plazajuarez.mx\/historico\/habra-trabajo-coordinado-entre-segob-y-gobiernos-priistas\/","title":{"rendered":"Habr\u00e1 trabajo coordinado entre Segob y gobiernos priistas"},"content":{"rendered":"\n<p>\u201cLos grandes retos de M\u00e9xico se enfrentan con responsabilidad y sin distinci\u00f3n de banderas pol\u00edticas\u201d, expres\u00f3 el gobernador Omar Fayad durante la reuni\u00f3n que sostuvieron sus hom\u00f3logos del Partido Revolucionario Institucional (PRI), y el presidente del Comit\u00e9 Ejecutivo Nacional (CEN), Alejandro Moreno C\u00e1rdenas, con la titular de la Secretar\u00eda de Gobernaci\u00f3n (Segob) Olga S\u00e1nchez Cordero.<\/p>\n\n\n\n<p>En sus redes sociales la secretaria Olga S\u00e1nchez Cordero public\u00f3 que en el encuentro abordaron temas relacionados con la gobernabilidad y gobernanza en el pa\u00eds.<\/p>\n\n\n\n<p>La reactivaci\u00f3n econ\u00f3mica de M\u00e9xico y el combate al Covid-19 exigen el trabajo de los diferentes niveles e instancias gubernamentales de manera estrecha, con el Gobierno de M\u00e9xico para darle resultados al pueblo, precis\u00f3 el mandatario hidalguense.<\/p>\n\n\n\n<p>Fayad reiter\u00f3 que Hidalgo es ejemplo de coordinaci\u00f3n con el presidente Andr\u00e9s Manuel L\u00f3pez Obrador porque comparten una visi\u00f3n de trabajo en equipo, como lo ha expuesto en diferentes foros.<\/p>\n\n\n\n<p>Para Moreno C\u00e1rdenas el encuentro ratifica el compromiso del PRI de construir los mejores resultados para M\u00e9xico, a partir de una agenda de coordinaci\u00f3n y cooperaci\u00f3n institucional, en beneficio de la sociedad.<\/p>\n","protected":false},"excerpt":{"rendered":"<p>\u201cLos grandes retos de M\u00e9xico se enfrentan con responsabilidad y sin distinci\u00f3n de banderas pol\u00edticas\u201d, expres\u00f3 el gobernador Omar Fayad durante la reuni\u00f3n que sostuvieron sus hom\u00f3logos del Partido Revolucionario Institucional (PRI), y el presidente del Comit\u00e9 Ejecutivo Nacional (CEN), Alejandro Moreno C\u00e1rdenas, con la titular de la Secretar\u00eda de Gobernaci\u00f3n (Segob) Olga S\u00e1nchez Cordero. [&hellip;]<\/p>\n","protected":false},"author":93,"featured_media":139428,"comment_status":"closed","ping_status":"open","sticky":false,"template":"","format":"standard","meta":{"footnotes":""},"categories":[15,59],"tags":[],"class_list":["post-139427","post","type-post","status-publish","format-standard","has-post-thumbnail","hentry","category-destacadas","category-general"],"_links":{"self":[{"href":"https:\/\/plazajuarez.mx\/historico\/wp-json\/wp\/v2\/posts\/139427","targetHints":{"allow":["GET"]}}],"collection":[{"href":"https:\/\/plazajuarez.mx\/historico\/wp-json\/wp\/v2\/posts"}],"about":[{"href":"https:\/\/plazajuarez.mx\/historico\/wp-json\/wp\/v2\/types\/post"}],"author":[{"embeddable":true,"href":"https:\/\/plazajuarez.mx\/historico\/wp-json\/wp\/v2\/users\/93"}],"replies":[{"embeddable":true,"href":"https:\/\/plazajuarez.mx\/historico\/wp-json\/wp\/v2\/comments?post=139427"}],"version-history":[{"count":0,"href":"https:\/\/plazajuarez.mx\/historico\/wp-json\/wp\/v2\/posts\/139427\/revisions"}],"wp:featuredmedia":[{"embeddable":true,"href":"https:\/\/plazajuarez.mx\/historico\/wp-json\/wp\/v2\/media\/139428"}],"wp:attachment":[{"href":"https:\/\/plazajuarez.mx\/historico\/wp-json\/wp\/v2\/media?parent=139427"}],"wp:term":[{"taxonomy":"category","embeddable":true,"href":"https:\/\/plazajuarez.mx\/historico\/wp-json\/wp\/v2\/categories?post=139427"},{"taxonomy":"post_tag","embeddable":true,"href":"https:\/\/plazajuarez.mx\/historico\/wp-json\/wp\/v2\/tags?post=139427"}],"curies":[{"name":"wp","href":"https:\/\/api.w.org\/{rel}","templated":true}]}}