{"id":139404,"date":"2020-11-04T21:16:56","date_gmt":"2020-11-05T03:16:56","guid":{"rendered":"https:\/\/plazajuarez.mx\/?p=139404"},"modified":"2020-11-04T21:17:13","modified_gmt":"2020-11-05T03:17:13","slug":"mexico-suma-943-mil-casos-de-covid-y-93-mil-muertes","status":"publish","type":"post","link":"https:\/\/plazajuarez.mx\/historico\/mexico-suma-943-mil-casos-de-covid-y-93-mil-muertes\/","title":{"rendered":"M\u00e9xico suma 943 mil casos de Covid y 93 mil muertes"},"content":{"rendered":"\n<p>M\u00e9xico acumul\u00f3, al corte de este 4 de noviembre, 93 mil 228 muertes por Covid-19, con 943 mil 630 casos de contagios confirmados de coronavirus, seg\u00fan informaron autoridades de la Secretar\u00eda de Salud (Ssa).<\/p>\n\n\n\n<p>Jos\u00e9 Luis Alom\u00eda, director general de Epidemiolog\u00eda, detall\u00f3 en conferencia de prensa desde Palacio Nacional que hay un mill\u00f3n 145 mil casos negativos acumulados en el pa\u00eds.<\/p>\n\n\n\n<p>Vacuna podr\u00eda llegar a AL en marzo o abril. La vacuna contra el coronavirus llegar\u00e1 a Latinoam\u00e9rica en marzo o abril de 2021, despu\u00e9s de su distribuci\u00f3n en Estados Unidos y Europa, estim\u00f3 este mi\u00e9rcoles el farmac\u00e9utico Hugo Sigman, fundador y director general del grupo farmac\u00e9utico Insud.<\/p>\n\n\n\n<p>De momento, ninguna vacuna de las 175 que est\u00e1n siendo desarrolladas en todo el mundo fue aprobada para comercializaci\u00f3n y su aprobaci\u00f3n debe ocurrir en noviembre o diciembre de 2020 &#8220;si no hay inconvenientes&#8221;, afirm\u00f3 Sigman en un seminario organizado de forma telem\u00e1tica por la Organizaci\u00f3n de Estados Iberoamericanos (OEI).<\/p>\n","protected":false},"excerpt":{"rendered":"<p>M\u00e9xico acumul\u00f3, al corte de este 4 de noviembre, 93 mil 228 muertes por Covid-19, con 943 mil 630 casos de contagios confirmados de coronavirus, seg\u00fan informaron autoridades de la Secretar\u00eda de Salud (Ssa). Jos\u00e9 Luis Alom\u00eda, director general de Epidemiolog\u00eda, detall\u00f3 en conferencia de prensa desde Palacio Nacional que hay un mill\u00f3n 145 mil [&hellip;]<\/p>\n","protected":false},"author":81,"featured_media":139405,"comment_status":"closed","ping_status":"open","sticky":false,"template":"","format":"standard","meta":{"footnotes":""},"categories":[15,36],"tags":[],"class_list":["post-139404","post","type-post","status-publish","format-standard","has-post-thumbnail","hentry","category-destacadas","category-nacion"],"_links":{"self":[{"href":"https:\/\/plazajuarez.mx\/historico\/wp-json\/wp\/v2\/posts\/139404","targetHints":{"allow":["GET"]}}],"collection":[{"href":"https:\/\/plazajuarez.mx\/historico\/wp-json\/wp\/v2\/posts"}],"about":[{"href":"https:\/\/plazajuarez.mx\/historico\/wp-json\/wp\/v2\/types\/post"}],"author":[{"embeddable":true,"href":"https:\/\/plazajuarez.mx\/historico\/wp-json\/wp\/v2\/users\/81"}],"replies":[{"embeddable":true,"href":"https:\/\/plazajuarez.mx\/historico\/wp-json\/wp\/v2\/comments?post=139404"}],"version-history":[{"count":0,"href":"https:\/\/plazajuarez.mx\/historico\/wp-json\/wp\/v2\/posts\/139404\/revisions"}],"wp:featuredmedia":[{"embeddable":true,"href":"https:\/\/plazajuarez.mx\/historico\/wp-json\/wp\/v2\/media\/139405"}],"wp:attachment":[{"href":"https:\/\/plazajuarez.mx\/historico\/wp-json\/wp\/v2\/media?parent=139404"}],"wp:term":[{"taxonomy":"category","embeddable":true,"href":"https:\/\/plazajuarez.mx\/historico\/wp-json\/wp\/v2\/categories?post=139404"},{"taxonomy":"post_tag","embeddable":true,"href":"https:\/\/plazajuarez.mx\/historico\/wp-json\/wp\/v2\/tags?post=139404"}],"curies":[{"name":"wp","href":"https:\/\/api.w.org\/{rel}","templated":true}]}}