{"id":139353,"date":"2020-11-04T11:40:04","date_gmt":"2020-11-04T17:40:04","guid":{"rendered":"https:\/\/plazajuarez.mx\/?p=139353"},"modified":"2020-11-04T11:40:23","modified_gmt":"2020-11-04T17:40:23","slug":"fotoreportaje-feministas-hacen-homenaje-a-victimas-de-feminicidios","status":"publish","type":"post","link":"https:\/\/plazajuarez.mx\/historico\/fotoreportaje-feministas-hacen-homenaje-a-victimas-de-feminicidios\/","title":{"rendered":"FOTOREPORTAJE | Feministas hacen homenaje a v\u00edctimas de feminicidios"},"content":{"rendered":"\n<p><strong>Por: Karina Mart\u00ednez R. &#8211; Aylin Sim\u00f3n F.<\/strong><\/p>\n\n\n\n<p>La violencia contra las mujeres cada vez crece m\u00e1s y m\u00e1s, es la forma m\u00e1s extrema de violencia de g\u00e9nero, donde una mujer termina siendo v\u00edctima de un feminicidio.&nbsp;<\/p>\n\n\n\n<p>Diferentes asociaciones como; Aquelarre Cihuac\u00f3atl, Feministas Independientes y las Hijas de Medusa, que buscan dar voz para hacer justicia a todas las v\u00edctimas, realizaron un homenaje respetuoso, nombrado \u201cEn memoria de nuestras hermanas\u201d.<\/p>\n\n\n\n<figure class=\"wp-block-image size-large\"><img loading=\"lazy\" decoding=\"async\" width=\"1280\" height=\"960\" src=\"https:\/\/plazajuarez.mx\/historico\/historico\/wp-content\/uploads\/2020\/11\/Foto-1-Aylin-Simon-Fuentes-.jpg\" alt=\"\" class=\"wp-image-139354\" srcset=\"https:\/\/plazajuarez.mx\/historico\/wp-content\/uploads\/2020\/11\/Foto-1-Aylin-Simon-Fuentes-.jpg 1280w, https:\/\/plazajuarez.mx\/historico\/wp-content\/uploads\/2020\/11\/Foto-1-Aylin-Simon-Fuentes--768x576.jpg 768w\" sizes=\"auto, (max-width: 1280px) 100vw, 1280px\" \/><figcaption>Feminista recordando a cada una de las v\u00edctimas. &#8211; Aylin Sim\u00f3n<\/figcaption><\/figure>\n\n\n\n<figure class=\"wp-block-image size-large\"><img loading=\"lazy\" decoding=\"async\" width=\"1280\" height=\"853\" src=\"https:\/\/plazajuarez.mx\/historico\/historico\/wp-content\/uploads\/2020\/11\/Foto-2-Karina-Martinez-Resendiz-.jpg\" alt=\"\" class=\"wp-image-139355\" srcset=\"https:\/\/plazajuarez.mx\/historico\/wp-content\/uploads\/2020\/11\/Foto-2-Karina-Martinez-Resendiz-.jpg 1280w, https:\/\/plazajuarez.mx\/historico\/wp-content\/uploads\/2020\/11\/Foto-2-Karina-Martinez-Resendiz--768x512.jpg 768w, https:\/\/plazajuarez.mx\/historico\/wp-content\/uploads\/2020\/11\/Foto-2-Karina-Martinez-Resendiz--274x183.jpg 274w, https:\/\/plazajuarez.mx\/historico\/wp-content\/uploads\/2020\/11\/Foto-2-Karina-Martinez-Resendiz--80x54.jpg 80w, https:\/\/plazajuarez.mx\/historico\/wp-content\/uploads\/2020\/11\/Foto-2-Karina-Martinez-Resendiz--130x87.jpg 130w, https:\/\/plazajuarez.mx\/historico\/wp-content\/uploads\/2020\/11\/Foto-2-Karina-Martinez-Resendiz--359x240.jpg 359w, https:\/\/plazajuarez.mx\/historico\/wp-content\/uploads\/2020\/11\/Foto-2-Karina-Martinez-Resendiz--85x57.jpg 85w, https:\/\/plazajuarez.mx\/historico\/wp-content\/uploads\/2020\/11\/Foto-2-Karina-Martinez-Resendiz--546x365.jpg 546w, https:\/\/plazajuarez.mx\/historico\/wp-content\/uploads\/2020\/11\/Foto-2-Karina-Martinez-Resendiz--165x109.jpg 165w, https:\/\/plazajuarez.mx\/historico\/wp-content\/uploads\/2020\/11\/Foto-2-Karina-Martinez-Resendiz--112x75.jpg 112w, https:\/\/plazajuarez.mx\/historico\/wp-content\/uploads\/2020\/11\/Foto-2-Karina-Martinez-Resendiz--179x120.jpg 179w, https:\/\/plazajuarez.mx\/historico\/wp-content\/uploads\/2020\/11\/Foto-2-Karina-Martinez-Resendiz--170x113.jpg 170w, https:\/\/plazajuarez.mx\/historico\/wp-content\/uploads\/2020\/11\/Foto-2-Karina-Martinez-Resendiz--81x55.jpg 81w, https:\/\/plazajuarez.mx\/historico\/wp-content\/uploads\/2020\/11\/Foto-2-Karina-Martinez-Resendiz--765x510.jpg 765w\" sizes=\"auto, (max-width: 1280px) 100vw, 1280px\" \/><figcaption>Que el feminicidio no se vuelva una tradici\u00f3n, palabras que se vuelven una s\u00faplica.\u00a0&#8211; Karina Mart\u00ednez Res\u00e9ndiz<br><\/figcaption><\/figure>\n\n\n\n<figure class=\"wp-block-image size-large\"><img loading=\"lazy\" decoding=\"async\" width=\"1280\" height=\"960\" src=\"https:\/\/plazajuarez.mx\/historico\/historico\/wp-content\/uploads\/2020\/11\/Foto-3-Karina-Martinez-Resendiz-.jpg\" alt=\"\" class=\"wp-image-139356\" srcset=\"https:\/\/plazajuarez.mx\/historico\/wp-content\/uploads\/2020\/11\/Foto-3-Karina-Martinez-Resendiz-.jpg 1280w, https:\/\/plazajuarez.mx\/historico\/wp-content\/uploads\/2020\/11\/Foto-3-Karina-Martinez-Resendiz--768x576.jpg 768w\" sizes=\"auto, (max-width: 1280px) 100vw, 1280px\" \/><figcaption>Integrantes feministas y familiares de v\u00edctimas montan y adornan una ofrenda para las v\u00edctimas de feminicidio. &#8211; Karina Mart\u00ednez Res\u00e9ndiz<br><\/figcaption><\/figure>\n\n\n\n<figure class=\"wp-block-image size-large\"><img loading=\"lazy\" decoding=\"async\" width=\"1280\" height=\"853\" src=\"https:\/\/plazajuarez.mx\/historico\/historico\/wp-content\/uploads\/2020\/11\/Foto-4-Karina-Martinez-Resendiz-.jpg\" alt=\"\" class=\"wp-image-139357\" srcset=\"https:\/\/plazajuarez.mx\/historico\/wp-content\/uploads\/2020\/11\/Foto-4-Karina-Martinez-Resendiz-.jpg 1280w, https:\/\/plazajuarez.mx\/historico\/wp-content\/uploads\/2020\/11\/Foto-4-Karina-Martinez-Resendiz--768x512.jpg 768w, https:\/\/plazajuarez.mx\/historico\/wp-content\/uploads\/2020\/11\/Foto-4-Karina-Martinez-Resendiz--274x183.jpg 274w, https:\/\/plazajuarez.mx\/historico\/wp-content\/uploads\/2020\/11\/Foto-4-Karina-Martinez-Resendiz--80x54.jpg 80w, https:\/\/plazajuarez.mx\/historico\/wp-content\/uploads\/2020\/11\/Foto-4-Karina-Martinez-Resendiz--130x87.jpg 130w, https:\/\/plazajuarez.mx\/historico\/wp-content\/uploads\/2020\/11\/Foto-4-Karina-Martinez-Resendiz--359x240.jpg 359w, https:\/\/plazajuarez.mx\/historico\/wp-content\/uploads\/2020\/11\/Foto-4-Karina-Martinez-Resendiz--85x57.jpg 85w, https:\/\/plazajuarez.mx\/historico\/wp-content\/uploads\/2020\/11\/Foto-4-Karina-Martinez-Resendiz--546x365.jpg 546w, https:\/\/plazajuarez.mx\/historico\/wp-content\/uploads\/2020\/11\/Foto-4-Karina-Martinez-Resendiz--165x109.jpg 165w, https:\/\/plazajuarez.mx\/historico\/wp-content\/uploads\/2020\/11\/Foto-4-Karina-Martinez-Resendiz--112x75.jpg 112w, https:\/\/plazajuarez.mx\/historico\/wp-content\/uploads\/2020\/11\/Foto-4-Karina-Martinez-Resendiz--179x120.jpg 179w, https:\/\/plazajuarez.mx\/historico\/wp-content\/uploads\/2020\/11\/Foto-4-Karina-Martinez-Resendiz--170x113.jpg 170w, https:\/\/plazajuarez.mx\/historico\/wp-content\/uploads\/2020\/11\/Foto-4-Karina-Martinez-Resendiz--81x55.jpg 81w, https:\/\/plazajuarez.mx\/historico\/wp-content\/uploads\/2020\/11\/Foto-4-Karina-Martinez-Resendiz--765x510.jpg 765w\" sizes=\"auto, (max-width: 1280px) 100vw, 1280px\" \/><figcaption>Las voces de cada una de ellas se une bajo el grito de justicia, grito que quieren que sea escuchado por la sociedad, instancias y autoridades correspondientes para poder detener la violencia hacia la mujer. &#8211; Karina Mart\u00ednez Res\u00e9ndiz<br><br><\/figcaption><\/figure>\n\n\n\n<figure class=\"wp-block-image size-large\"><img loading=\"lazy\" decoding=\"async\" width=\"1088\" height=\"824\" src=\"https:\/\/plazajuarez.mx\/historico\/historico\/wp-content\/uploads\/2020\/11\/Foto-5-Karina-Martinez-Resendiz-.jpg\" alt=\"\" class=\"wp-image-139358\" srcset=\"https:\/\/plazajuarez.mx\/historico\/wp-content\/uploads\/2020\/11\/Foto-5-Karina-Martinez-Resendiz-.jpg 1088w, https:\/\/plazajuarez.mx\/historico\/wp-content\/uploads\/2020\/11\/Foto-5-Karina-Martinez-Resendiz--768x582.jpg 768w\" sizes=\"auto, (max-width: 1088px) 100vw, 1088px\" \/><figcaption>Levantan la voz para exigir justicia. &#8211; Karina Mart\u00ednez Res\u00e9ndiz<br><\/figcaption><\/figure>\n\n\n\n<figure class=\"wp-block-image size-large\"><img loading=\"lazy\" decoding=\"async\" width=\"1024\" height=\"768\" src=\"https:\/\/plazajuarez.mx\/historico\/historico\/wp-content\/uploads\/2020\/11\/Foto-6_-Aylin-Simon-Fuentes.jpg\" alt=\"\" class=\"wp-image-139359\" srcset=\"https:\/\/plazajuarez.mx\/historico\/wp-content\/uploads\/2020\/11\/Foto-6_-Aylin-Simon-Fuentes.jpg 1024w, https:\/\/plazajuarez.mx\/historico\/wp-content\/uploads\/2020\/11\/Foto-6_-Aylin-Simon-Fuentes-768x576.jpg 768w\" sizes=\"auto, (max-width: 1024px) 100vw, 1024px\" \/><figcaption>Familiares. Amigos, conocidos que exigen justicia.\u00a0&#8211; Aylin Sim\u00f3n Fuentes<br><\/figcaption><\/figure>\n\n\n\n<figure class=\"wp-block-image size-large\"><img loading=\"lazy\" decoding=\"async\" width=\"1280\" height=\"960\" src=\"https:\/\/plazajuarez.mx\/historico\/historico\/wp-content\/uploads\/2020\/11\/Foto-7_-Aylin-Simon-Fuentes.jpg\" alt=\"\" class=\"wp-image-139360\" srcset=\"https:\/\/plazajuarez.mx\/historico\/wp-content\/uploads\/2020\/11\/Foto-7_-Aylin-Simon-Fuentes.jpg 1280w, https:\/\/plazajuarez.mx\/historico\/wp-content\/uploads\/2020\/11\/Foto-7_-Aylin-Simon-Fuentes-768x576.jpg 768w\" sizes=\"auto, (max-width: 1280px) 100vw, 1280px\" \/><figcaption>\u00a0A la espera\u00a0 de poder hacer justicia, que las voces se conviertan en una sola y sea escuchada, que los mensajes sean visto por toda la sociedad y llegue el d\u00eda que no ocurra un feminicidio m\u00e1s. &#8211; Aylin Sim\u00f3n Fuentes<br><br><\/figcaption><\/figure>\n\n\n\n<figure class=\"wp-block-image size-large\"><img loading=\"lazy\" decoding=\"async\" width=\"1280\" height=\"853\" src=\"https:\/\/plazajuarez.mx\/historico\/historico\/wp-content\/uploads\/2020\/11\/Foto-8_-Karina-Martinez-Resendiz-.jpg\" alt=\"\" class=\"wp-image-139361\" srcset=\"https:\/\/plazajuarez.mx\/historico\/wp-content\/uploads\/2020\/11\/Foto-8_-Karina-Martinez-Resendiz-.jpg 1280w, https:\/\/plazajuarez.mx\/historico\/wp-content\/uploads\/2020\/11\/Foto-8_-Karina-Martinez-Resendiz--768x512.jpg 768w, https:\/\/plazajuarez.mx\/historico\/wp-content\/uploads\/2020\/11\/Foto-8_-Karina-Martinez-Resendiz--274x183.jpg 274w, https:\/\/plazajuarez.mx\/historico\/wp-content\/uploads\/2020\/11\/Foto-8_-Karina-Martinez-Resendiz--80x54.jpg 80w, https:\/\/plazajuarez.mx\/historico\/wp-content\/uploads\/2020\/11\/Foto-8_-Karina-Martinez-Resendiz--130x87.jpg 130w, https:\/\/plazajuarez.mx\/historico\/wp-content\/uploads\/2020\/11\/Foto-8_-Karina-Martinez-Resendiz--359x240.jpg 359w, https:\/\/plazajuarez.mx\/historico\/wp-content\/uploads\/2020\/11\/Foto-8_-Karina-Martinez-Resendiz--85x57.jpg 85w, https:\/\/plazajuarez.mx\/historico\/wp-content\/uploads\/2020\/11\/Foto-8_-Karina-Martinez-Resendiz--546x365.jpg 546w, https:\/\/plazajuarez.mx\/historico\/wp-content\/uploads\/2020\/11\/Foto-8_-Karina-Martinez-Resendiz--165x109.jpg 165w, https:\/\/plazajuarez.mx\/historico\/wp-content\/uploads\/2020\/11\/Foto-8_-Karina-Martinez-Resendiz--112x75.jpg 112w, https:\/\/plazajuarez.mx\/historico\/wp-content\/uploads\/2020\/11\/Foto-8_-Karina-Martinez-Resendiz--179x120.jpg 179w, https:\/\/plazajuarez.mx\/historico\/wp-content\/uploads\/2020\/11\/Foto-8_-Karina-Martinez-Resendiz--170x113.jpg 170w, https:\/\/plazajuarez.mx\/historico\/wp-content\/uploads\/2020\/11\/Foto-8_-Karina-Martinez-Resendiz--81x55.jpg 81w, https:\/\/plazajuarez.mx\/historico\/wp-content\/uploads\/2020\/11\/Foto-8_-Karina-Martinez-Resendiz--765x510.jpg 765w\" sizes=\"auto, (max-width: 1280px) 100vw, 1280px\" \/><figcaption>Con respeto recuerdan a cada una de las v\u00edctimas. &#8211; Karina Mart\u00ednez Res\u00e9ndiz <br><\/figcaption><\/figure>\n\n\n\n<figure class=\"wp-block-image size-large\"><img loading=\"lazy\" decoding=\"async\" width=\"1280\" height=\"960\" src=\"https:\/\/plazajuarez.mx\/historico\/historico\/wp-content\/uploads\/2020\/11\/Foto-9_-Aylin-Simon-Fuentes.jpg\" alt=\"\" class=\"wp-image-139362\" srcset=\"https:\/\/plazajuarez.mx\/historico\/wp-content\/uploads\/2020\/11\/Foto-9_-Aylin-Simon-Fuentes.jpg 1280w, https:\/\/plazajuarez.mx\/historico\/wp-content\/uploads\/2020\/11\/Foto-9_-Aylin-Simon-Fuentes-768x576.jpg 768w\" sizes=\"auto, (max-width: 1280px) 100vw, 1280px\" \/><figcaption>Representaci\u00f3n de todas las muertes por feminicidio en todo el pa\u00eds. &#8211; Aylin Sim\u00f3n Fuentes<br><\/figcaption><\/figure>\n\n\n\n<figure class=\"wp-block-image size-large\"><img loading=\"lazy\" decoding=\"async\" width=\"1280\" height=\"960\" src=\"https:\/\/plazajuarez.mx\/historico\/historico\/wp-content\/uploads\/2020\/11\/Foto-10_-Aylin-Simon-Fuentes.jpg\" alt=\"\" class=\"wp-image-139363\" srcset=\"https:\/\/plazajuarez.mx\/historico\/wp-content\/uploads\/2020\/11\/Foto-10_-Aylin-Simon-Fuentes.jpg 1280w, https:\/\/plazajuarez.mx\/historico\/wp-content\/uploads\/2020\/11\/Foto-10_-Aylin-Simon-Fuentes-768x576.jpg 768w\" sizes=\"auto, (max-width: 1280px) 100vw, 1280px\" \/><figcaption>Una cruz, una veladora y un nombre que representa solo una parte de todas aquellas muertes violentas que contin\u00faan sin ser castigadas. &#8211; Aylin Sim\u00f3n Fuentes<br><br><\/figcaption><\/figure>\n\n\n\n<figure class=\"wp-block-image size-large\"><img loading=\"lazy\" decoding=\"async\" width=\"1280\" height=\"960\" src=\"https:\/\/plazajuarez.mx\/historico\/historico\/wp-content\/uploads\/2020\/11\/Foto-11_-Aylin-Simon-Fuentes.jpg\" alt=\"\" class=\"wp-image-139364\" srcset=\"https:\/\/plazajuarez.mx\/historico\/wp-content\/uploads\/2020\/11\/Foto-11_-Aylin-Simon-Fuentes.jpg 1280w, https:\/\/plazajuarez.mx\/historico\/wp-content\/uploads\/2020\/11\/Foto-11_-Aylin-Simon-Fuentes-768x576.jpg 768w\" sizes=\"auto, (max-width: 1280px) 100vw, 1280px\" \/><figcaption>\u201cCualquier forma de manifestaci\u00f3n es v\u00e1lida, las manifestaciones vand\u00e1licas y violentas\u00a0 tambi\u00e9n son validas, son un grito desesperado de atenci\u00f3n porque nadie m\u00e1s nos est\u00e1 prestando atenci\u00f3n, entonces son para dejar plasmado un mensaje que nadie quiere leer\u201d. &#8211; Aylin Sim\u00f3n Fuentes. <\/figcaption><\/figure>\n\n\n\n<p><br><\/p>\n\n\n\n<p><\/p>\n","protected":false},"excerpt":{"rendered":"<p>Por: Karina Mart\u00ednez R. &#8211; Aylin Sim\u00f3n F. La violencia contra las mujeres cada vez crece m\u00e1s y m\u00e1s, es la forma m\u00e1s extrema de violencia de g\u00e9nero, donde una mujer termina siendo v\u00edctima de un feminicidio.&nbsp; Diferentes asociaciones como; Aquelarre Cihuac\u00f3atl, Feministas Independientes y las Hijas de Medusa, que buscan dar voz para hacer [&hellip;]<\/p>\n","protected":false},"author":93,"featured_media":139362,"comment_status":"closed","ping_status":"open","sticky":false,"template":"","format":"standard","meta":{"footnotes":""},"categories":[15,59],"tags":[],"class_list":["post-139353","post","type-post","status-publish","format-standard","has-post-thumbnail","hentry","category-destacadas","category-general"],"_links":{"self":[{"href":"https:\/\/plazajuarez.mx\/historico\/wp-json\/wp\/v2\/posts\/139353","targetHints":{"allow":["GET"]}}],"collection":[{"href":"https:\/\/plazajuarez.mx\/historico\/wp-json\/wp\/v2\/posts"}],"about":[{"href":"https:\/\/plazajuarez.mx\/historico\/wp-json\/wp\/v2\/types\/post"}],"author":[{"embeddable":true,"href":"https:\/\/plazajuarez.mx\/historico\/wp-json\/wp\/v2\/users\/93"}],"replies":[{"embeddable":true,"href":"https:\/\/plazajuarez.mx\/historico\/wp-json\/wp\/v2\/comments?post=139353"}],"version-history":[{"count":0,"href":"https:\/\/plazajuarez.mx\/historico\/wp-json\/wp\/v2\/posts\/139353\/revisions"}],"wp:featuredmedia":[{"embeddable":true,"href":"https:\/\/plazajuarez.mx\/historico\/wp-json\/wp\/v2\/media\/139362"}],"wp:attachment":[{"href":"https:\/\/plazajuarez.mx\/historico\/wp-json\/wp\/v2\/media?parent=139353"}],"wp:term":[{"taxonomy":"category","embeddable":true,"href":"https:\/\/plazajuarez.mx\/historico\/wp-json\/wp\/v2\/categories?post=139353"},{"taxonomy":"post_tag","embeddable":true,"href":"https:\/\/plazajuarez.mx\/historico\/wp-json\/wp\/v2\/tags?post=139353"}],"curies":[{"name":"wp","href":"https:\/\/api.w.org\/{rel}","templated":true}]}}