{"id":139301,"date":"2020-11-04T09:56:21","date_gmt":"2020-11-04T15:56:21","guid":{"rendered":"https:\/\/plazajuarez.mx\/?p=139301"},"modified":"2020-11-04T09:56:34","modified_gmt":"2020-11-04T15:56:34","slug":"cine-de-manana-25","status":"publish","type":"post","link":"https:\/\/plazajuarez.mx\/historico\/cine-de-manana-25\/","title":{"rendered":"CINE DE MA\u00d1ANA"},"content":{"rendered":"\n<h2 class=\"wp-block-heading\">Gays porfirianos<\/h2>\n\n\n\n<p>Luego de la pol\u00e9mica desatada por su anterior filme \u201cLas elegidas\u201d, que obtuvo cinco arieles, incluyendo el de mejor pel\u00edcula y mejor director, David Pablos, eligi\u00f3 otro tema controversial para su siguiente filme. \u201cEl baile de los 41\u201d, a cuya premier nos invitaron los buenos amigos de Cin\u00e9polis.<\/p>\n\n\n\n<p>El gui\u00f3n de M\u00f3nika Revilla narra un episodio poco conocido de nuestra historia, situado hace 120 a\u00f1os, en plena dictadura de Porfirio D\u00edaz. Un grupo de destacados miembros de la sociedad formaron un club en el que 21 parejas asist\u00edan disfrazados de mujeres, hasta que la polic\u00eda los detuvo en una redada. Fue la primera vez que se habl\u00f3 abiertamente de la homosexualidad en M\u00e9xico.<\/p>\n\n\n\n<p>Fue cuando el clamor popular decidi\u00f3 designar al 41 como el n\u00famero para designar a los gays.<\/p>\n\n\n\n<p>Solo que en realidad eran 42, pues el miembro escamoteado de la lista era ni m\u00e1s ni menos que el diputado Ignacio de la Torre (Alfonso Herrera), el yerno de Don Porfirio (Fernando Becerril).<\/p>\n\n\n\n<p>La cinta narra la historia de este ambicioso personaje, que ve desvanecerse sus aspiraciones presidenciales, al no tener apoyo popular por su vida licenciosa con su amante Evaristo Rivas (Emiliano Zurita), ante el enojo de su esposa Amada (Mabel Cadena).<\/p>\n\n\n\n<p>Como en toda reconstrucci\u00f3n hist\u00f3rica, al estilo de \u201cEl baile de San Juan\u201d o \u201cEl atentado\u201d, los personajes lucen muy tiesos, pero en este caso, al menos se cuid\u00f3 la escenograf\u00eda.<\/p>\n\n\n\n<p>Pablos sortea las escenas amorosas de bigote contra bigote, sin caer en la caricatura o el humor involuntario,<\/p>\n\n\n\n<p>\u201cEl baile de los 41\u201d resulta pues un filme no del todo logrado, que trata de mostrar que la intolerancia y los prejuicios persisten un siglo despu\u00e9s, pese a los matrimonios entre personas del mismo sexo.<\/p>\n","protected":false},"excerpt":{"rendered":"<p>Gays porfirianos Luego de la pol\u00e9mica desatada por su anterior filme \u201cLas elegidas\u201d, que obtuvo cinco arieles, incluyendo el de mejor pel\u00edcula y mejor director, David Pablos, eligi\u00f3 otro tema controversial para su siguiente filme. \u201cEl baile de los 41\u201d, a cuya premier nos invitaron los buenos amigos de Cin\u00e9polis. El gui\u00f3n de M\u00f3nika Revilla [&hellip;]<\/p>\n","protected":false},"author":96,"featured_media":139314,"comment_status":"closed","ping_status":"open","sticky":false,"template":"","format":"standard","meta":{"footnotes":""},"categories":[41,54,42],"tags":[],"class_list":["post-139301","post","type-post","status-publish","format-standard","has-post-thumbnail","hentry","category-arteria-cultural","category-jorge-carrasco","category-nuestrapalabra"],"_links":{"self":[{"href":"https:\/\/plazajuarez.mx\/historico\/wp-json\/wp\/v2\/posts\/139301","targetHints":{"allow":["GET"]}}],"collection":[{"href":"https:\/\/plazajuarez.mx\/historico\/wp-json\/wp\/v2\/posts"}],"about":[{"href":"https:\/\/plazajuarez.mx\/historico\/wp-json\/wp\/v2\/types\/post"}],"author":[{"embeddable":true,"href":"https:\/\/plazajuarez.mx\/historico\/wp-json\/wp\/v2\/users\/96"}],"replies":[{"embeddable":true,"href":"https:\/\/plazajuarez.mx\/historico\/wp-json\/wp\/v2\/comments?post=139301"}],"version-history":[{"count":0,"href":"https:\/\/plazajuarez.mx\/historico\/wp-json\/wp\/v2\/posts\/139301\/revisions"}],"wp:featuredmedia":[{"embeddable":true,"href":"https:\/\/plazajuarez.mx\/historico\/wp-json\/wp\/v2\/media\/139314"}],"wp:attachment":[{"href":"https:\/\/plazajuarez.mx\/historico\/wp-json\/wp\/v2\/media?parent=139301"}],"wp:term":[{"taxonomy":"category","embeddable":true,"href":"https:\/\/plazajuarez.mx\/historico\/wp-json\/wp\/v2\/categories?post=139301"},{"taxonomy":"post_tag","embeddable":true,"href":"https:\/\/plazajuarez.mx\/historico\/wp-json\/wp\/v2\/tags?post=139301"}],"curies":[{"name":"wp","href":"https:\/\/api.w.org\/{rel}","templated":true}]}}