{"id":139275,"date":"2020-11-04T07:14:17","date_gmt":"2020-11-04T13:14:17","guid":{"rendered":"https:\/\/plazajuarez.mx\/?p=139275"},"modified":"2020-11-04T07:14:36","modified_gmt":"2020-11-04T13:14:36","slug":"hidalgo-sin-registro-de-temperaturas-debajo-de-los-cero-grados","status":"publish","type":"post","link":"https:\/\/plazajuarez.mx\/historico\/hidalgo-sin-registro-de-temperaturas-debajo-de-los-cero-grados\/","title":{"rendered":"Hidalgo: sin registro de temperaturas debajo de los cero grados"},"content":{"rendered":"\n<p>El encargado de la Subsecretar\u00eda de Protecci\u00f3n Civil y Gesti\u00f3n de Riesgos del Gobierno del Estado de Hidalgo, Enrique Padilla Hern\u00e1ndez, asegur\u00f3 que pese a las bajas temperaturas reportadas en los \u00faltimos d\u00edas, hasta el momento no hay registro por debajo de cero grados.<\/p>\n\n\n\n<p>Indic\u00f3 que las condiciones meteorol\u00f3gicas obedecen al frente fr\u00edo n\u00famero 11, adem\u00e1s de la masa de aire polar que propicia el descenso t\u00e9rmico, nieblas y neblinas, as\u00ed como aceleraci\u00f3n de los vientos.&nbsp;<\/p>\n\n\n\n<p>Padilla Hern\u00e1ndez precis\u00f3 que el desarrollo de esta masa de aire fue la generaci\u00f3n de los vientos por cambios de presi\u00f3n, \u201clo m\u00e1s significativo fue el domingo, el lunes baj\u00f3 su intensidad la racha de viento, ayer todav\u00eda ventoso pero no con aceleraci\u00f3n o rachas fuertes de viento\u201d.<\/p>\n\n\n\n<p>En tanto, exhort\u00f3 a la poblaci\u00f3n a tomar medidas preventivas y especial atenci\u00f3n a los grupos vulnerables como ni\u00f1os, adultos mayores y personas enfermas; a\u00f1adi\u00f3: \u201cno debemos bajar la guardia, seguimos en temporada de lluvias y frentes fr\u00edos, la prevenci\u00f3n comienza en casa\u201d.<\/p>\n","protected":false},"excerpt":{"rendered":"<p>El encargado de la Subsecretar\u00eda de Protecci\u00f3n Civil y Gesti\u00f3n de Riesgos del Gobierno del Estado de Hidalgo, Enrique Padilla Hern\u00e1ndez, asegur\u00f3 que pese a las bajas temperaturas reportadas en los \u00faltimos d\u00edas, hasta el momento no hay registro por debajo de cero grados. Indic\u00f3 que las condiciones meteorol\u00f3gicas obedecen al frente fr\u00edo n\u00famero 11, [&hellip;]<\/p>\n","protected":false},"author":73,"featured_media":139276,"comment_status":"closed","ping_status":"open","sticky":false,"template":"","format":"standard","meta":{"footnotes":""},"categories":[59],"tags":[],"class_list":["post-139275","post","type-post","status-publish","format-standard","has-post-thumbnail","hentry","category-general"],"_links":{"self":[{"href":"https:\/\/plazajuarez.mx\/historico\/wp-json\/wp\/v2\/posts\/139275","targetHints":{"allow":["GET"]}}],"collection":[{"href":"https:\/\/plazajuarez.mx\/historico\/wp-json\/wp\/v2\/posts"}],"about":[{"href":"https:\/\/plazajuarez.mx\/historico\/wp-json\/wp\/v2\/types\/post"}],"author":[{"embeddable":true,"href":"https:\/\/plazajuarez.mx\/historico\/wp-json\/wp\/v2\/users\/73"}],"replies":[{"embeddable":true,"href":"https:\/\/plazajuarez.mx\/historico\/wp-json\/wp\/v2\/comments?post=139275"}],"version-history":[{"count":0,"href":"https:\/\/plazajuarez.mx\/historico\/wp-json\/wp\/v2\/posts\/139275\/revisions"}],"wp:featuredmedia":[{"embeddable":true,"href":"https:\/\/plazajuarez.mx\/historico\/wp-json\/wp\/v2\/media\/139276"}],"wp:attachment":[{"href":"https:\/\/plazajuarez.mx\/historico\/wp-json\/wp\/v2\/media?parent=139275"}],"wp:term":[{"taxonomy":"category","embeddable":true,"href":"https:\/\/plazajuarez.mx\/historico\/wp-json\/wp\/v2\/categories?post=139275"},{"taxonomy":"post_tag","embeddable":true,"href":"https:\/\/plazajuarez.mx\/historico\/wp-json\/wp\/v2\/tags?post=139275"}],"curies":[{"name":"wp","href":"https:\/\/api.w.org\/{rel}","templated":true}]}}