{"id":139200,"date":"2020-11-03T11:29:45","date_gmt":"2020-11-03T17:29:45","guid":{"rendered":"https:\/\/plazajuarez.mx\/?p=139200"},"modified":"2020-11-03T11:29:59","modified_gmt":"2020-11-03T17:29:59","slug":"se-registran-rebrotes-de-covid-19-en-siete-estados","status":"publish","type":"post","link":"https:\/\/plazajuarez.mx\/historico\/se-registran-rebrotes-de-covid-19-en-siete-estados\/","title":{"rendered":"Se registran rebrotes de covid-19 en siete estados"},"content":{"rendered":"\n<p>M\u00e9xico registra rebrotes de covid-19 en siete de los 32 estados, incluida la Ciudad de M\u00e9xico, por lo que el subsecretario de Prevenci\u00f3n y Promoci\u00f3n a la Salud de M\u00e9xico, Hugo L\u00f3pez-Gatell, pidi\u00f3 este martes reducir &#8220;la movilidad&#8221;.<\/p>\n\n\n\n<p>&#8220;En la curva epid\u00e9mica nacional lleg\u00f3 a un punto m\u00e1ximo en la semana 28 y posteriormente tuvimos 12 semanas de reducci\u00f3n pero a partir de la semana 40 (finales de septiembre) empezamos a tener un incremento de casos&#8221;, explic\u00f3 en una conferencia de prensa junto al presidente, Andr\u00e9s Manuel L\u00f3pez Obrador.<\/p>\n\n\n\n<p>El funcionario, encargado de dise\u00f1ar la estrategia contra el coronavirus, detall\u00f3 que hay siete estados en los que hay rebrotes de covid-19, una enfermedad que en todo el pa\u00eds acumula 92.100 fallecidos y 933.155 contagios confirmados.<\/p>\n\n\n\n<p>Los estados que ya han superado su primer pico de contagios son Aguascalientes, Chihuahua, Ciudad de M\u00e9xico, Coahuila, Quer\u00e9taro, Zacatecas y Durango.<\/p>\n\n\n\n<p>Adem\u00e1s hay otros estados con tendencia ascendente pero que todav\u00eda no han superados su primer pico, como Guanajuato, Hidalgo o Nuevo Le\u00f3n.<\/p>\n\n\n\n<p>Sobre el c\u00e9ntrico Aguascalientes, L\u00f3pez-Gatell dijo que se encuentra &#8220;claramente en una situaci\u00f3n de rebrote&#8221;, puesto que est\u00e1 en una fase &#8220;continua de ascenso&#8221; y ha superado su &#8220;punto m\u00e1ximo&#8221;.<\/p>\n\n\n\n<p>Ocurre lo mismo con los norte\u00f1os estados de Chihuahua y Durango, donde se ha decretado el sem\u00e1foro epidemiol\u00f3gico rojo, es decir, se encuentran en peligro m\u00e1ximo de contagios, una fase que ambas regiones ya hab\u00edan superado hac\u00eda semanas.<\/p>\n\n\n\n<p>El funcionario explic\u00f3 que se han enviado dos hospitales m\u00f3viles a Chihuahua, estado donde est\u00e1n ocupadas el 86 % de las camas de atenci\u00f3n general, una cifra &#8220;bastante preocupante&#8221;, dijo.<\/p>\n\n\n\n<p>Y anunci\u00f3 que en Durango &#8220;se intentar\u00e1 apoyar movilizando personal&#8221; m\u00e9dico de otros estados por la falta de sanitarios.<\/p>\n\n\n\n<p>En la Ciudad de M\u00e9xico, en cuya \u00e1rea metropolitana vive casi el 25 % de la poblaci\u00f3n del pa\u00eds, dijo que hay &#8220;una tendencia ascendente&#8221; de contagios desde hace cinco semanas, y ya se ha superado en un 18 % el primer pico que tuvo la capital.<\/p>\n\n\n\n<p>De todas formas, apunt\u00f3 que las hospitalizaciones est\u00e1n en &#8220;est\u00e1n en fase de estancamiento&#8221; y aplaudi\u00f3 a la alcaldesa capitalina, Claudia Sheinbaum, quien advirti\u00f3 que aumentar\u00e1n las restricciones si la tendencia sigue al alza.<\/p>\n\n\n\n<p>Mientras que en Quer\u00e9taro habl\u00f3 de una &#8220;fase de ascenso&#8221; de contagios y que en Zacatecas se acumulan tres semanas de incremento de hospitalizaciones.<\/p>\n\n\n\n<p>L\u00f3pez-Gatell dijo que la principal raz\u00f3n de los contagios es la &#8220;movilidad en el espacio p\u00fablico&#8221;, por lo que hizo un llamado a los estados a buscar un &#8220;balance&#8221; entre &#8220;no asfixiar a la econom\u00eda&#8221; y &#8220;no desconfinar demasiado r\u00e1pido&#8221;.<\/p>\n\n\n\n<p>Ante esto, el presidente L\u00f3pez Obrador descart\u00f3 confinamientos o toques de queda como en Europa porque dijo que el pueblo mexicano &#8220;es extraordinario y muy consciente&#8221; de la situaci\u00f3n.<\/p>\n\n\n\n<p><strong>INICIO DE LA FASE 3 DE CANSINO<\/strong><\/p>\n\n\n\n<p>Por su parte, el canciller mexicano inform\u00f3 que el 30 de octubre M\u00e9xico recibi\u00f3 las primeras dosis para llevar a cabo la fase 3 (que se prueba en humanos) del proyecto de vacuna de la empresa china CanSino.<\/p>\n\n\n\n<p>Dijo que la Comisi\u00f3n Federal para la Protecci\u00f3n contra Riesgos Sanitarios (Cofepris) ha aprobado que los estudios, que tambi\u00e9n se llevan a cabo en China, Argentina, Pakist\u00e1n, Arabia Saudita y Rusia, se realicen entre 10.000 y 15.000 voluntarios mexicanos en 20 centros de salud de 12 estados del pa\u00eds.<\/p>\n\n\n\n<p>&#8220;Ya ha sido administrada exitosamente a miembros de las Fuerzas Armadas en China&#8221;, dijo.<\/p>\n\n\n\n<p>Por su parte, el presidente L\u00f3pez Obrador asegur\u00f3 que se esperan &#8220;resultados&#8221; entre finales de este a\u00f1o y el primer trimestre de 2021.<\/p>\n","protected":false},"excerpt":{"rendered":"<p>M\u00e9xico registra rebrotes de covid-19 en siete de los 32 estados, incluida la Ciudad de M\u00e9xico, por lo que el subsecretario de Prevenci\u00f3n y Promoci\u00f3n a la Salud de M\u00e9xico, Hugo L\u00f3pez-Gatell, pidi\u00f3 este martes reducir &#8220;la movilidad&#8221;. &#8220;En la curva epid\u00e9mica nacional lleg\u00f3 a un punto m\u00e1ximo en la semana 28 y posteriormente tuvimos [&hellip;]<\/p>\n","protected":false},"author":80,"featured_media":139201,"comment_status":"closed","ping_status":"open","sticky":false,"template":"","format":"standard","meta":{"footnotes":""},"categories":[15,36],"tags":[],"class_list":["post-139200","post","type-post","status-publish","format-standard","has-post-thumbnail","hentry","category-destacadas","category-nacion"],"_links":{"self":[{"href":"https:\/\/plazajuarez.mx\/historico\/wp-json\/wp\/v2\/posts\/139200","targetHints":{"allow":["GET"]}}],"collection":[{"href":"https:\/\/plazajuarez.mx\/historico\/wp-json\/wp\/v2\/posts"}],"about":[{"href":"https:\/\/plazajuarez.mx\/historico\/wp-json\/wp\/v2\/types\/post"}],"author":[{"embeddable":true,"href":"https:\/\/plazajuarez.mx\/historico\/wp-json\/wp\/v2\/users\/80"}],"replies":[{"embeddable":true,"href":"https:\/\/plazajuarez.mx\/historico\/wp-json\/wp\/v2\/comments?post=139200"}],"version-history":[{"count":0,"href":"https:\/\/plazajuarez.mx\/historico\/wp-json\/wp\/v2\/posts\/139200\/revisions"}],"wp:featuredmedia":[{"embeddable":true,"href":"https:\/\/plazajuarez.mx\/historico\/wp-json\/wp\/v2\/media\/139201"}],"wp:attachment":[{"href":"https:\/\/plazajuarez.mx\/historico\/wp-json\/wp\/v2\/media?parent=139200"}],"wp:term":[{"taxonomy":"category","embeddable":true,"href":"https:\/\/plazajuarez.mx\/historico\/wp-json\/wp\/v2\/categories?post=139200"},{"taxonomy":"post_tag","embeddable":true,"href":"https:\/\/plazajuarez.mx\/historico\/wp-json\/wp\/v2\/tags?post=139200"}],"curies":[{"name":"wp","href":"https:\/\/api.w.org\/{rel}","templated":true}]}}