{"id":139167,"date":"2020-11-03T09:39:53","date_gmt":"2020-11-03T15:39:53","guid":{"rendered":"https:\/\/plazajuarez.mx\/?p=139167"},"modified":"2020-11-03T09:40:07","modified_gmt":"2020-11-03T15:40:07","slug":"carecen-de-iluminacion-algunos-tramos-de-la-ciclo-via","status":"publish","type":"post","link":"https:\/\/plazajuarez.mx\/historico\/carecen-de-iluminacion-algunos-tramos-de-la-ciclo-via\/","title":{"rendered":"Carecen de iluminaci\u00f3n algunos tramos de la ciclo v\u00eda"},"content":{"rendered":"\n<p><strong>Tulancingo.- <\/strong>Por lo menos nueve luminarias del Sendero Intermunicipal de Movilidad Alterna (SIMA), en el tramo que comprende del bulevar Miguel Hidalgo y el libramiento La Joya, est\u00e1n sin funcionar.<\/p>\n\n\n\n<p>Usuarios del SIMA reportaron las fallas y pidieron dar el mantenimiento adecuado para que el alumbrado est\u00e9 en perfecto estado durante este horario de invierno, en el que se oscurece m\u00e1s temprano.<\/p>\n\n\n\n<p>En el tramo del libramiento La Joya a la calle Franz Von Liszt, hay alrededor de cinco l\u00e1mparas que no funcionan y aunque poco se nota porque est\u00e1 pegado al bulevar Bicentenario, las luminarias de esta vialidad llegan a cubrir parte del sendero, pero en el otro tramo no es as\u00ed.<\/p>\n\n\n\n<p>Desde la calle Franz Von Liszt al bulevar Miguel Hidalgo, el sendero y el bulevar est\u00e1n separados por el dren San Basilio, lo cual evita que el alumbrado del Bicentenario llegue a la ciclopista, adem\u00e1s de que hay un arbolado m\u00e1s denso en esa parte que impide el paso de luz.<\/p>\n\n\n\n<p>En este \u00faltimo tramo, son al menos cuatro l\u00e1mparas que dejan en oscuridad un tramo de aproximadamente 200 metros, situaci\u00f3n que preocupa a los usuarios, ya que el sendero no s\u00f3lo es un espacio recreativo, sino un espacio de movilidad alterna que es usado para trasladarse a pie o en bicicleta por diversas personas, tanto en el d\u00eda como en la noche.<\/p>\n\n\n\n<p>\u201cCon este horario de invierno a las 18:30 horas ya est\u00e1 oscuro, a\u00fan es una hora donde muchos vienen de su rutina de ejercicio, pero tambi\u00e9n muchas personas que salen de sus trabajos a las 19:00 horas o m\u00e1s tarde, necesitan de una iluminaci\u00f3n adecuada\u201d, coment\u00f3 un usuario.<\/p>\n","protected":false},"excerpt":{"rendered":"<p>Tulancingo.- Por lo menos nueve luminarias del Sendero Intermunicipal de Movilidad Alterna (SIMA), en el tramo que comprende del bulevar Miguel Hidalgo y el libramiento La Joya, est\u00e1n sin funcionar. Usuarios del SIMA reportaron las fallas y pidieron dar el mantenimiento adecuado para que el alumbrado est\u00e9 en perfecto estado durante este horario de invierno, [&hellip;]<\/p>\n","protected":false},"author":70,"featured_media":139168,"comment_status":"closed","ping_status":"open","sticky":false,"template":"","format":"standard","meta":{"footnotes":""},"categories":[40],"tags":[],"class_list":["post-139167","post","type-post","status-publish","format-standard","has-post-thumbnail","hentry","category-region"],"_links":{"self":[{"href":"https:\/\/plazajuarez.mx\/historico\/wp-json\/wp\/v2\/posts\/139167","targetHints":{"allow":["GET"]}}],"collection":[{"href":"https:\/\/plazajuarez.mx\/historico\/wp-json\/wp\/v2\/posts"}],"about":[{"href":"https:\/\/plazajuarez.mx\/historico\/wp-json\/wp\/v2\/types\/post"}],"author":[{"embeddable":true,"href":"https:\/\/plazajuarez.mx\/historico\/wp-json\/wp\/v2\/users\/70"}],"replies":[{"embeddable":true,"href":"https:\/\/plazajuarez.mx\/historico\/wp-json\/wp\/v2\/comments?post=139167"}],"version-history":[{"count":0,"href":"https:\/\/plazajuarez.mx\/historico\/wp-json\/wp\/v2\/posts\/139167\/revisions"}],"wp:featuredmedia":[{"embeddable":true,"href":"https:\/\/plazajuarez.mx\/historico\/wp-json\/wp\/v2\/media\/139168"}],"wp:attachment":[{"href":"https:\/\/plazajuarez.mx\/historico\/wp-json\/wp\/v2\/media?parent=139167"}],"wp:term":[{"taxonomy":"category","embeddable":true,"href":"https:\/\/plazajuarez.mx\/historico\/wp-json\/wp\/v2\/categories?post=139167"},{"taxonomy":"post_tag","embeddable":true,"href":"https:\/\/plazajuarez.mx\/historico\/wp-json\/wp\/v2\/tags?post=139167"}],"curies":[{"name":"wp","href":"https:\/\/api.w.org\/{rel}","templated":true}]}}