{"id":139163,"date":"2020-11-03T09:38:00","date_gmt":"2020-11-03T15:38:00","guid":{"rendered":"https:\/\/plazajuarez.mx\/?p=139163"},"modified":"2020-11-03T09:38:18","modified_gmt":"2020-11-03T15:38:18","slug":"inah-aprueba-trabajos-de-limpieza-de-los-portales","status":"publish","type":"post","link":"https:\/\/plazajuarez.mx\/historico\/inah-aprueba-trabajos-de-limpieza-de-los-portales\/","title":{"rendered":"INAH aprueba trabajos de limpieza de los portales"},"content":{"rendered":"\n<p><strong>Ixmiquilpan<\/strong>.- El Instituto Nacional de Antropolog\u00eda e Historia (INAH), dio el visto bueno para iniciar los trabajos de limpieza de una parte de los portales ubicados en el primer cuadro de la ciudad, afectados por un incendio de una camioneta tras un accidente.\u00a0<\/p>\n\n\n\n<p>Luego de varias semanas de espera, finalmente se autorizaron los trabajos para restaurar este espacio cultural y arquitect\u00f3nico, afectado por el fuego. El presidente del consejo de administraci\u00f3n, Enrique Simon, se\u00f1al\u00f3 que con el aval del INAH \u201cse inician los trabajos de limpieza y reconstrucci\u00f3n en nuestros arcos del centro hist\u00f3rico ocasionado por un accidente automovil\u00edstico\u201d (sic).&nbsp;<\/p>\n\n\n\n<p>El responsable de este accidente, originario del municipio de El Cardonal, se hizo responsable de los da\u00f1os, se comprometi\u00f3 a pagar. Asimismo, hizo convenios con Telmex y la CFE, para la reparaci\u00f3n de las afectaciones.<\/p>\n\n\n\n<p>Ser\u00e1 la Presidencia Municipal la que se encargue de realizar los trabajos, los cuales se har\u00e1n con la supervisi\u00f3n y el aval del INAH, debido a que estos portales, se encuentran protegidos y son patrimonio cultural.&nbsp;<\/p>\n","protected":false},"excerpt":{"rendered":"<p>Ixmiquilpan.- El Instituto Nacional de Antropolog\u00eda e Historia (INAH), dio el visto bueno para iniciar los trabajos de limpieza de una parte de los portales ubicados en el primer cuadro de la ciudad, afectados por un incendio de una camioneta tras un accidente.\u00a0 Luego de varias semanas de espera, finalmente se autorizaron los trabajos para [&hellip;]<\/p>\n","protected":false},"author":75,"featured_media":139164,"comment_status":"closed","ping_status":"open","sticky":false,"template":"","format":"standard","meta":{"footnotes":""},"categories":[40],"tags":[],"class_list":["post-139163","post","type-post","status-publish","format-standard","has-post-thumbnail","hentry","category-region"],"_links":{"self":[{"href":"https:\/\/plazajuarez.mx\/historico\/wp-json\/wp\/v2\/posts\/139163","targetHints":{"allow":["GET"]}}],"collection":[{"href":"https:\/\/plazajuarez.mx\/historico\/wp-json\/wp\/v2\/posts"}],"about":[{"href":"https:\/\/plazajuarez.mx\/historico\/wp-json\/wp\/v2\/types\/post"}],"author":[{"embeddable":true,"href":"https:\/\/plazajuarez.mx\/historico\/wp-json\/wp\/v2\/users\/75"}],"replies":[{"embeddable":true,"href":"https:\/\/plazajuarez.mx\/historico\/wp-json\/wp\/v2\/comments?post=139163"}],"version-history":[{"count":0,"href":"https:\/\/plazajuarez.mx\/historico\/wp-json\/wp\/v2\/posts\/139163\/revisions"}],"wp:featuredmedia":[{"embeddable":true,"href":"https:\/\/plazajuarez.mx\/historico\/wp-json\/wp\/v2\/media\/139164"}],"wp:attachment":[{"href":"https:\/\/plazajuarez.mx\/historico\/wp-json\/wp\/v2\/media?parent=139163"}],"wp:term":[{"taxonomy":"category","embeddable":true,"href":"https:\/\/plazajuarez.mx\/historico\/wp-json\/wp\/v2\/categories?post=139163"},{"taxonomy":"post_tag","embeddable":true,"href":"https:\/\/plazajuarez.mx\/historico\/wp-json\/wp\/v2\/tags?post=139163"}],"curies":[{"name":"wp","href":"https:\/\/api.w.org\/{rel}","templated":true}]}}