{"id":139160,"date":"2020-11-03T09:35:23","date_gmt":"2020-11-03T15:35:23","guid":{"rendered":"https:\/\/plazajuarez.mx\/?p=139160"},"modified":"2020-11-03T09:35:50","modified_gmt":"2020-11-03T15:35:50","slug":"clausuran-bares-por-incumplir-con-medidas-sanitarias","status":"publish","type":"post","link":"https:\/\/plazajuarez.mx\/historico\/clausuran-bares-por-incumplir-con-medidas-sanitarias\/","title":{"rendered":"Clausuran bares por incumplir con medidas sanitarias"},"content":{"rendered":"\n<p><strong>Tulancingo\u00a0<\/strong><\/p>\n\n\n\n<p>Con resultados por dem\u00e1s productivos culmino la madrugada del 1 de noviembre un operativo de vigilancia a bares, en el cual se conjunto una amplia presencia de dependencias municipales e igualmente se integraron autoridades de Santiago Tulantepec<\/p>\n\n\n\n<p>La clausura del bar \u201cLa Bandida\u201d fue por exceder el aforo permitido e incurrir en el incumplimiento a las normativas sanitarias para evitar la propagaci\u00f3n de la Covid-19.<\/p>\n\n\n\n<p>En esta ocasi\u00f3n, el que acudieran dependencias de Tulancingo y Santiago, marco la diferencia para que la cuesti\u00f3n lim\u00edtrofe no fuera limitante de actuaci\u00f3n.<\/p>\n\n\n\n<p>Por parte de Santiago Tulantepec fue clausurada \u201cLa Bandida\u201d mientras que Reglamentos y Sanidad de Tulancingo clausur\u00f3 \u201cEl Nido del Cuervo\u201d y \u201cPragga\u201d, por los mismos motivos de rebasar ingreso de personas, y no atender protocolos elementales de operatividad para protecci\u00f3n ante la actual pandemia (uso obligatorio de cubrebocas, sana distancia, tapete sanitizante, y distribuci\u00f3n de gel alcohol).<\/p>\n\n\n\n<p>En \u201cPragga\u201d tambi\u00e9n fue suspendido un evento de lucha, ya que est\u00e1n prohibidos deportes de contacto f\u00edsico y esta modalidad de espect\u00e1culo con espectadores.<\/p>\n\n\n\n<p>Otros espacios visitados fueron Mussa&nbsp; e Ibizza y en estos lugares se verifico que s\u00ed se aplican medidas de orden sanitario y se respeta aforo del 30 por ciento y se les invito a mantener esa disciplina y seguir cubriendo aspectos normativos instruidos por el sector salud.<\/p>\n\n\n\n<p>En materia de salones de fiestas tambi\u00e9n se actu\u00f3 con uno reportado por un evento de&nbsp; Halloween en la calle Pablo Casals de la colonia Jardines del Sur pues al interior hab\u00eda 200 personas, siendo esto un grave de riesgo por la alta exposici\u00f3n a contagios al COVID- 19.<\/p>\n","protected":false},"excerpt":{"rendered":"<p>Tulancingo\u00a0 Con resultados por dem\u00e1s productivos culmino la madrugada del 1 de noviembre un operativo de vigilancia a bares, en el cual se conjunto una amplia presencia de dependencias municipales e igualmente se integraron autoridades de Santiago Tulantepec La clausura del bar \u201cLa Bandida\u201d fue por exceder el aforo permitido e incurrir en el incumplimiento [&hellip;]<\/p>\n","protected":false},"author":93,"featured_media":139161,"comment_status":"closed","ping_status":"open","sticky":false,"template":"","format":"standard","meta":{"footnotes":""},"categories":[40],"tags":[],"class_list":["post-139160","post","type-post","status-publish","format-standard","has-post-thumbnail","hentry","category-region"],"_links":{"self":[{"href":"https:\/\/plazajuarez.mx\/historico\/wp-json\/wp\/v2\/posts\/139160","targetHints":{"allow":["GET"]}}],"collection":[{"href":"https:\/\/plazajuarez.mx\/historico\/wp-json\/wp\/v2\/posts"}],"about":[{"href":"https:\/\/plazajuarez.mx\/historico\/wp-json\/wp\/v2\/types\/post"}],"author":[{"embeddable":true,"href":"https:\/\/plazajuarez.mx\/historico\/wp-json\/wp\/v2\/users\/93"}],"replies":[{"embeddable":true,"href":"https:\/\/plazajuarez.mx\/historico\/wp-json\/wp\/v2\/comments?post=139160"}],"version-history":[{"count":0,"href":"https:\/\/plazajuarez.mx\/historico\/wp-json\/wp\/v2\/posts\/139160\/revisions"}],"wp:featuredmedia":[{"embeddable":true,"href":"https:\/\/plazajuarez.mx\/historico\/wp-json\/wp\/v2\/media\/139161"}],"wp:attachment":[{"href":"https:\/\/plazajuarez.mx\/historico\/wp-json\/wp\/v2\/media?parent=139160"}],"wp:term":[{"taxonomy":"category","embeddable":true,"href":"https:\/\/plazajuarez.mx\/historico\/wp-json\/wp\/v2\/categories?post=139160"},{"taxonomy":"post_tag","embeddable":true,"href":"https:\/\/plazajuarez.mx\/historico\/wp-json\/wp\/v2\/tags?post=139160"}],"curies":[{"name":"wp","href":"https:\/\/api.w.org\/{rel}","templated":true}]}}