{"id":139136,"date":"2020-11-03T09:23:14","date_gmt":"2020-11-03T15:23:14","guid":{"rendered":"https:\/\/plazajuarez.mx\/?p=139136"},"modified":"2020-11-03T09:23:29","modified_gmt":"2020-11-03T15:23:29","slug":"fallecio-el-poeta-y-ensayista-jose-francisco-conde-ortega","status":"publish","type":"post","link":"https:\/\/plazajuarez.mx\/historico\/fallecio-el-poeta-y-ensayista-jose-francisco-conde-ortega\/","title":{"rendered":"Falleci\u00f3 el poeta y ensayista Jos\u00e9 Francisco Conde Ortega"},"content":{"rendered":"\n<p>El cronista, ensayista y poeta poblano Jos\u00e9 Francisco Conde Ortega (1951-2020), apasionado estudioso de la lengua espa\u00f1ola, muri\u00f3 la noche de ayer domingo 1 de noviembre. Se dedic\u00f3 a dar clases por m\u00e1s de 35 a\u00f1os.<\/p>\n\n\n\n<p>La Secretar\u00eda de Cultura del Gobierno de M\u00e9xico y el Instituto Nacional de Bellas Artes y Literatura (INBAL), a trav\u00e9s de la Coordinaci\u00f3n Nacional de Literatura, lamentaron el sensible deceso del escritor nacido en Atlixco, Puebla, el 25 de octubre de 1951.<\/p>\n\n\n\n<p>Cronista, ensayista y poeta, estudi\u00f3 Lengua y Literatura Hisp\u00e1nicas en la Facultad de Filosof\u00eda y Letras de la Universidad Nacional Aut\u00f3noma de M\u00e9xico, Conde Ortega fue profesor de la UAM Azcapotzalco, colaborador de &#8220;Casa del Tiempo&#8221;, &#8220;El Nacional&#8221;, &#8220;Quimera&#8221;, &#8220;Revista Mexicana de Cultura&#8221;, &#8220;Revista Universidad de M\u00e9xico&#8221; y &#8220;S\u00e1bado&#8221;. Fue autor de casi 20 libros entre los que destacan &#8220;Vocaci\u00f3n del silencio&#8221;, &#8220;Canto del guerrero&#8221;, &#8220;Jos\u00e9 Joaqu\u00edn Arcadio Pagaza y el siglo XIX mexicano&#8221; y &#8220;Gabriel Garc\u00eda M\u00e1rquez. Celebraci\u00f3n del 25\u00ba aniversario de Cien a\u00f1os de soledad&#8221;.<\/p>\n\n\n\n<p>Jes\u00fas Francisco Conde de Arriaga, hijo del autor poblano dijo que su pap\u00e1 fue un autor que vivi\u00f3 toda su vida entre literatura, libros y poes\u00eda. &#8220;Muchos de sus libros de ensayos abordan a sus autores no s\u00f3lo del modernismo, del cual fue un estudioso, sino tambi\u00e9n de la literatura mexicana contempor\u00e1nea, a la cual enfoc\u00f3 muchas de sus energ\u00edas, porque, a la par de su labor como escritor, se desarroll\u00f3 como profesor en la Universidad Aut\u00f3noma Metropolitana Azcapotzalco (UAM-A). M\u00e1s de 35 a\u00f1os dando clases y formando generaciones&#8221;.<\/p>\n","protected":false},"excerpt":{"rendered":"<p>El cronista, ensayista y poeta poblano Jos\u00e9 Francisco Conde Ortega (1951-2020), apasionado estudioso de la lengua espa\u00f1ola, muri\u00f3 la noche de ayer domingo 1 de noviembre. Se dedic\u00f3 a dar clases por m\u00e1s de 35 a\u00f1os. La Secretar\u00eda de Cultura del Gobierno de M\u00e9xico y el Instituto Nacional de Bellas Artes y Literatura (INBAL), a [&hellip;]<\/p>\n","protected":false},"author":81,"featured_media":139149,"comment_status":"closed","ping_status":"open","sticky":false,"template":"","format":"standard","meta":{"footnotes":""},"categories":[41],"tags":[],"class_list":["post-139136","post","type-post","status-publish","format-standard","has-post-thumbnail","hentry","category-arteria-cultural"],"_links":{"self":[{"href":"https:\/\/plazajuarez.mx\/historico\/wp-json\/wp\/v2\/posts\/139136","targetHints":{"allow":["GET"]}}],"collection":[{"href":"https:\/\/plazajuarez.mx\/historico\/wp-json\/wp\/v2\/posts"}],"about":[{"href":"https:\/\/plazajuarez.mx\/historico\/wp-json\/wp\/v2\/types\/post"}],"author":[{"embeddable":true,"href":"https:\/\/plazajuarez.mx\/historico\/wp-json\/wp\/v2\/users\/81"}],"replies":[{"embeddable":true,"href":"https:\/\/plazajuarez.mx\/historico\/wp-json\/wp\/v2\/comments?post=139136"}],"version-history":[{"count":0,"href":"https:\/\/plazajuarez.mx\/historico\/wp-json\/wp\/v2\/posts\/139136\/revisions"}],"wp:featuredmedia":[{"embeddable":true,"href":"https:\/\/plazajuarez.mx\/historico\/wp-json\/wp\/v2\/media\/139149"}],"wp:attachment":[{"href":"https:\/\/plazajuarez.mx\/historico\/wp-json\/wp\/v2\/media?parent=139136"}],"wp:term":[{"taxonomy":"category","embeddable":true,"href":"https:\/\/plazajuarez.mx\/historico\/wp-json\/wp\/v2\/categories?post=139136"},{"taxonomy":"post_tag","embeddable":true,"href":"https:\/\/plazajuarez.mx\/historico\/wp-json\/wp\/v2\/tags?post=139136"}],"curies":[{"name":"wp","href":"https:\/\/api.w.org\/{rel}","templated":true}]}}