{"id":139134,"date":"2020-11-03T09:22:04","date_gmt":"2020-11-03T15:22:04","guid":{"rendered":"https:\/\/plazajuarez.mx\/?p=139134"},"modified":"2020-11-03T09:22:18","modified_gmt":"2020-11-03T15:22:18","slug":"asi-puedes-ver-la-megaofrenda-virtual-de-la-unam","status":"publish","type":"post","link":"https:\/\/plazajuarez.mx\/historico\/asi-puedes-ver-la-megaofrenda-virtual-de-la-unam\/","title":{"rendered":"As\u00ed puedes ver la Megaofrenda Virtual de la UNAM"},"content":{"rendered":"\n<p>Debido a la contingencia sanitaria por el Covid-19, la mayor\u00eda de las actividades por el D\u00eda de Muertos se suspendieron y una de ellas fue la tradicional Megaofrenda de la UNAM, por lo que esta edici\u00f3n ser\u00e1 virtual.<\/p>\n\n\n\n<p>Por lo anterior, la UNAM, por medio de la Direcci\u00f3n General de Atenci\u00f3n a la Comunidad (DGACO), la Facultad de Artes y Dise\u00f1o (FAD) y la Coordinaci\u00f3n de Difusi\u00f3n Cultural, mont\u00f3 la primera Megaofrenda virtual, que estar\u00e1 disponible del 1 al 8 de noviembre en el sitio www.megaofrenda.unam.mx.<\/p>\n\n\n\n<p>De acuerdo con informaci\u00f3n de la UNAM, para la ofrenda se us\u00f3 tecnolog\u00eda en 3D, desarrollada de manera inmersiva (que emplea la realidad virtual) en un ambiente hecho en Maya, un software de modelado y animaci\u00f3n con el que se recrearon detalles como pan, cempas\u00fachil e incienso. Al ingresar, el usuario interact\u00faa con un avatar.<\/p>\n","protected":false},"excerpt":{"rendered":"<p>Debido a la contingencia sanitaria por el Covid-19, la mayor\u00eda de las actividades por el D\u00eda de Muertos se suspendieron y una de ellas fue la tradicional Megaofrenda de la UNAM, por lo que esta edici\u00f3n ser\u00e1 virtual. Por lo anterior, la UNAM, por medio de la Direcci\u00f3n General de Atenci\u00f3n a la Comunidad (DGACO), [&hellip;]<\/p>\n","protected":false},"author":81,"featured_media":139157,"comment_status":"closed","ping_status":"open","sticky":false,"template":"","format":"standard","meta":{"footnotes":""},"categories":[41],"tags":[],"class_list":["post-139134","post","type-post","status-publish","format-standard","has-post-thumbnail","hentry","category-arteria-cultural"],"_links":{"self":[{"href":"https:\/\/plazajuarez.mx\/historico\/wp-json\/wp\/v2\/posts\/139134","targetHints":{"allow":["GET"]}}],"collection":[{"href":"https:\/\/plazajuarez.mx\/historico\/wp-json\/wp\/v2\/posts"}],"about":[{"href":"https:\/\/plazajuarez.mx\/historico\/wp-json\/wp\/v2\/types\/post"}],"author":[{"embeddable":true,"href":"https:\/\/plazajuarez.mx\/historico\/wp-json\/wp\/v2\/users\/81"}],"replies":[{"embeddable":true,"href":"https:\/\/plazajuarez.mx\/historico\/wp-json\/wp\/v2\/comments?post=139134"}],"version-history":[{"count":0,"href":"https:\/\/plazajuarez.mx\/historico\/wp-json\/wp\/v2\/posts\/139134\/revisions"}],"wp:featuredmedia":[{"embeddable":true,"href":"https:\/\/plazajuarez.mx\/historico\/wp-json\/wp\/v2\/media\/139157"}],"wp:attachment":[{"href":"https:\/\/plazajuarez.mx\/historico\/wp-json\/wp\/v2\/media?parent=139134"}],"wp:term":[{"taxonomy":"category","embeddable":true,"href":"https:\/\/plazajuarez.mx\/historico\/wp-json\/wp\/v2\/categories?post=139134"},{"taxonomy":"post_tag","embeddable":true,"href":"https:\/\/plazajuarez.mx\/historico\/wp-json\/wp\/v2\/tags?post=139134"}],"curies":[{"name":"wp","href":"https:\/\/api.w.org\/{rel}","templated":true}]}}