{"id":139133,"date":"2020-11-03T09:21:13","date_gmt":"2020-11-03T15:21:13","guid":{"rendered":"https:\/\/plazajuarez.mx\/?p=139133"},"modified":"2020-11-03T09:21:30","modified_gmt":"2020-11-03T15:21:30","slug":"alemania-registra-12-097-contagios-covid-en-24-horas","status":"publish","type":"post","link":"https:\/\/plazajuarez.mx\/historico\/alemania-registra-12-097-contagios-covid-en-24-horas\/","title":{"rendered":"Alemania registra 12.097 contagios Covid en 24 horas"},"content":{"rendered":"\n<p>EFE.- Alemania registr\u00f3 12.097 contagios Covid-19 en las \u00faltimas 24 horas -tras el \u00faltimo m\u00e1ximo de 19.059 el s\u00e1bado-, lo que se atribuye al hecho de que no todos los estados federados comunican sus datos el fin de semana, mientras ayer entr\u00f3 en vigor el par\u00f3n de la vida p\u00fablica decretado para noviembre. Aun as\u00ed, los casos contabilizados ayer suponen un nuevo m\u00e1ximo registrado en lunes.<\/p>\n\n\n\n<p>Seg\u00fan datos del Instituto Robert Koch (RKI) actualizados la medianoche del domingo, los positivos contabilizados desde que se dio a conocer el primer contagio en el pa\u00eds a finales de enero ascienden a 545.027, con 10.530 v\u00edctimas mortales, 49 m\u00e1s en un d\u00eda.<\/p>\n","protected":false},"excerpt":{"rendered":"<p>EFE.- Alemania registr\u00f3 12.097 contagios Covid-19 en las \u00faltimas 24 horas -tras el \u00faltimo m\u00e1ximo de 19.059 el s\u00e1bado-, lo que se atribuye al hecho de que no todos los estados federados comunican sus datos el fin de semana, mientras ayer entr\u00f3 en vigor el par\u00f3n de la vida p\u00fablica decretado para noviembre. Aun as\u00ed, [&hellip;]<\/p>\n","protected":false},"author":80,"featured_media":139147,"comment_status":"closed","ping_status":"open","sticky":false,"template":"","format":"standard","meta":{"footnotes":""},"categories":[31],"tags":[],"class_list":["post-139133","post","type-post","status-publish","format-standard","has-post-thumbnail","hentry","category-orbe"],"_links":{"self":[{"href":"https:\/\/plazajuarez.mx\/historico\/wp-json\/wp\/v2\/posts\/139133","targetHints":{"allow":["GET"]}}],"collection":[{"href":"https:\/\/plazajuarez.mx\/historico\/wp-json\/wp\/v2\/posts"}],"about":[{"href":"https:\/\/plazajuarez.mx\/historico\/wp-json\/wp\/v2\/types\/post"}],"author":[{"embeddable":true,"href":"https:\/\/plazajuarez.mx\/historico\/wp-json\/wp\/v2\/users\/80"}],"replies":[{"embeddable":true,"href":"https:\/\/plazajuarez.mx\/historico\/wp-json\/wp\/v2\/comments?post=139133"}],"version-history":[{"count":0,"href":"https:\/\/plazajuarez.mx\/historico\/wp-json\/wp\/v2\/posts\/139133\/revisions"}],"wp:featuredmedia":[{"embeddable":true,"href":"https:\/\/plazajuarez.mx\/historico\/wp-json\/wp\/v2\/media\/139147"}],"wp:attachment":[{"href":"https:\/\/plazajuarez.mx\/historico\/wp-json\/wp\/v2\/media?parent=139133"}],"wp:term":[{"taxonomy":"category","embeddable":true,"href":"https:\/\/plazajuarez.mx\/historico\/wp-json\/wp\/v2\/categories?post=139133"},{"taxonomy":"post_tag","embeddable":true,"href":"https:\/\/plazajuarez.mx\/historico\/wp-json\/wp\/v2\/tags?post=139133"}],"curies":[{"name":"wp","href":"https:\/\/api.w.org\/{rel}","templated":true}]}}