{"id":139094,"date":"2020-11-02T16:45:47","date_gmt":"2020-11-02T22:45:47","guid":{"rendered":"https:\/\/plazajuarez.mx\/?p=139094"},"modified":"2020-11-02T16:46:04","modified_gmt":"2020-11-02T22:46:04","slug":"el-coronavirus-lleva-a-mexico-a-un-inedito-luto-nacional-por-dia-de-muertos","status":"publish","type":"post","link":"https:\/\/plazajuarez.mx\/historico\/el-coronavirus-lleva-a-mexico-a-un-inedito-luto-nacional-por-dia-de-muertos\/","title":{"rendered":"El coronavirus lleva a M\u00e9xico a un in\u00e9dito luto nacional por D\u00eda de Muertos"},"content":{"rendered":"\n<p>M\u00e9xico, 2 nov (EFE).- M\u00e9xico culmin\u00f3 este lunes el luto nacional de tres d\u00edas decretado por el presidente Andr\u00e9s Manuel L\u00f3pez Obrador en honor a las 91.895 personas fallecidas de covid-19 en el pa\u00eds y con motivo del D\u00eda de Muertos, que este a\u00f1o estuvo fuertemente marcado por las restricciones sanitarias.<\/p>\n\n\n\n<p>Las tres jornadas de luto, durante las cuales se cancelaron los eventos oficiales y las banderas de M\u00e9xico ondearon a media asta, concluyeron con una ceremonia tradicional wix\u00e1rika, pueblo ind\u00edgena del occidente del pa\u00eds, en el Palacio Nacional.<br>Esta es la primera ocasi\u00f3n en la que se decreta luto nacional desde los sismos acontecidos en septiembre 2017, que dejaron en su conjunto 471 muertos.<br>El patio de la residencia presidencial fue el escenario de una sincr\u00e9tica ceremonia de ra\u00edces ind\u00edgenas y cat\u00f3licas durante la cual se hizo una oraci\u00f3n entre incenso, tabaco, velas, flores y bailes.<br>L\u00f3pez Obrador anunci\u00f3 el pasado martes que durante las festividades del D\u00eda de Muertos, que se celebran entre el 31 de octubre y el 2 de noviembre, se decretar\u00eda luto nacional porque &#8220;es mucho el dolor&#8221; que ha provocado la covid-19, la cual ya acumula 91.895 decesos y 929.392 casos confirmados en el pa\u00eds.<br>El mandatario record\u00f3 que detr\u00e1s de los n\u00fameros hay &#8220;personas y mucha tristeza en familiares y amigos&#8221;.<br>Mientras se cancelaron todos los actos oficiales, el Palacio Nacional se convirti\u00f3 en la sede del homenaje, donde representantes ind\u00edgenas levantaron el s\u00e1bado tradicionales y coloridas ofrendas dedicadas a los fallecidos y las mostraron al presidente.<br>Y el domingo, al caer la noche del 1 al 2 de noviembre, momento cumbre del D\u00eda de Muertos, representantes de 20 pueblos ind\u00edgenas hicieron un emotivo encendido de velas para guiar las almas de los difuntos.<br>UN D\u00cdA DE MUERTOS AT\u00cdPICO<br>No se recuerda en M\u00e9xico un D\u00eda de Muertos tan at\u00edpico como el de este a\u00f1o, en que la pandemia ha opacado y alterado la festividad mexicana m\u00e1s universal, la cual fue declarada Patrimonio Cultural Inmaterial de la Humanidad por la Unesco.<br>Para evitar las aglomeraciones de familias, buena parte del pa\u00eds cerr\u00f3 durante estas fechas los panteones, incluidos los del \u00e1rea metropolitana de Ciudad de M\u00e9xico y los de un estado tan tradicional como Oaxaca.<br>Por eso, cobraron importancia las ofrendas que las familias mexicanas ponen cada a\u00f1o en sus casas, donde se depositan fotos de difuntos, alimentos y flores de cempas\u00fachil a fin de que las almas de los seres queridos visiten durante la noche el mundo de los vivos.<br>Unas ofrendas engrosadas este a\u00f1o por los miles de fallecidos que ha dejado el nuevo coronavirus desde que lleg\u00f3 al pa\u00eds el pasado febrero, muchos de ellos m\u00e9dicos.<br>Esta vez no se levant\u00f3 el monumental altar de muertos en la c\u00e9ntrica plaza del Z\u00f3calo de Ciudad de M\u00e9xico, por lo que las autoridades capitalinas invitaron a los ciudadanos a compartir en redes sociales fotos de las ofrendas dom\u00e9sticas.<br>No obstante, algunos museos emblem\u00e1ticos no fallaron este a\u00f1o a la tradici\u00f3n y montaron sus propias ofrendas, como la Casa Azul de Frida Kahlo, que emul\u00f3 el cuadro &#8220;La Mesa Herida&#8221; (1940) de la pintora mexicana en un altar dise\u00f1ado por el franc\u00e9s Jean Paul Gaultier.<br>Tambi\u00e9n hubo espacio para las reivindicaciones, como la de un grupo de mujeres que colocaron frente a la Fiscal\u00eda de Chimalhuac\u00e1n una ofrenda para la joven Diana Vel\u00e1zquez, v\u00edctima de feminicidio en 2017, o la de los supervivientes de la represi\u00f3n contra el movimiento estudiantil de 1968, que depositaron fotos y flores en la plaza de Tlatelolco, lugar de la masacre.<br>ALARMAS DE REBROTES ENCENDIDAS<br>El D\u00eda de Muertos lleg\u00f3 adem\u00e1s en un momento de especial alerta por el peligro de rebrotes en M\u00e9xico, que observa con preocupaci\u00f3n los nuevos confinamientos decretados en Europa.<br>Cuando L\u00f3pez Obrador anunci\u00f3 el luto nacional, el pa\u00eds estaba cerca de llegar a los 90.000 muertos de covid-19 confirmadas y ahora ya son casi 92.000.<br>Adem\u00e1s, M\u00e9xico tuvo entre enero y septiembre 193.000 muertes m\u00e1s de las que las autoridades previeron el a\u00f1o pasado, por lo que el impacto de la pandemia ser\u00eda mucho mayor al que reflejan las cifras oficiales.<br>Aunque L\u00f3pez Obrador dijo la semana pasada que ya se ve &#8220;luz al final del t\u00fanel&#8221;, el subsecretario de Salud Hugo L\u00f3pez-Gatell advirti\u00f3 que la curva de contagios &#8220;ya no est\u00e1 disminuyendo a la velocidad que lo estaba haciendo&#8221;.<br>Con todo, el norte\u00f1o estado de Chihuahua decret\u00f3 el sem\u00e1foro epidemiol\u00f3gico rojo que equivale a un riesgo m\u00e1ximo de contagios, una fase que ya hab\u00eda superado, y el Gobierno de Ciudad de M\u00e9xico, cuya alcaldesa Claudia Sheinbaum tiene covid-19, ha advertido que aplicar\u00e1 nuevas restricciones si siguen aumentando las hospitalizaciones.<\/p>\n","protected":false},"excerpt":{"rendered":"<p>M\u00e9xico, 2 nov (EFE).- M\u00e9xico culmin\u00f3 este lunes el luto nacional de tres d\u00edas decretado por el presidente Andr\u00e9s Manuel L\u00f3pez Obrador en honor a las 91.895 personas fallecidas de covid-19 en el pa\u00eds y con motivo del D\u00eda de Muertos, que este a\u00f1o estuvo fuertemente marcado por las restricciones sanitarias. Las tres jornadas de [&hellip;]<\/p>\n","protected":false},"author":80,"featured_media":139095,"comment_status":"closed","ping_status":"open","sticky":false,"template":"","format":"standard","meta":{"footnotes":""},"categories":[15,36],"tags":[],"class_list":["post-139094","post","type-post","status-publish","format-standard","has-post-thumbnail","hentry","category-destacadas","category-nacion"],"_links":{"self":[{"href":"https:\/\/plazajuarez.mx\/historico\/wp-json\/wp\/v2\/posts\/139094","targetHints":{"allow":["GET"]}}],"collection":[{"href":"https:\/\/plazajuarez.mx\/historico\/wp-json\/wp\/v2\/posts"}],"about":[{"href":"https:\/\/plazajuarez.mx\/historico\/wp-json\/wp\/v2\/types\/post"}],"author":[{"embeddable":true,"href":"https:\/\/plazajuarez.mx\/historico\/wp-json\/wp\/v2\/users\/80"}],"replies":[{"embeddable":true,"href":"https:\/\/plazajuarez.mx\/historico\/wp-json\/wp\/v2\/comments?post=139094"}],"version-history":[{"count":0,"href":"https:\/\/plazajuarez.mx\/historico\/wp-json\/wp\/v2\/posts\/139094\/revisions"}],"wp:featuredmedia":[{"embeddable":true,"href":"https:\/\/plazajuarez.mx\/historico\/wp-json\/wp\/v2\/media\/139095"}],"wp:attachment":[{"href":"https:\/\/plazajuarez.mx\/historico\/wp-json\/wp\/v2\/media?parent=139094"}],"wp:term":[{"taxonomy":"category","embeddable":true,"href":"https:\/\/plazajuarez.mx\/historico\/wp-json\/wp\/v2\/categories?post=139094"},{"taxonomy":"post_tag","embeddable":true,"href":"https:\/\/plazajuarez.mx\/historico\/wp-json\/wp\/v2\/tags?post=139094"}],"curies":[{"name":"wp","href":"https:\/\/api.w.org\/{rel}","templated":true}]}}