{"id":139085,"date":"2020-11-02T13:19:26","date_gmt":"2020-11-02T19:19:26","guid":{"rendered":"https:\/\/plazajuarez.mx\/?p=139085"},"modified":"2020-11-02T13:19:48","modified_gmt":"2020-11-02T19:19:48","slug":"anuncian-cierre-de-vialidad-por-pavimentacion-en-el-centro-de-tula","status":"publish","type":"post","link":"https:\/\/plazajuarez.mx\/historico\/anuncian-cierre-de-vialidad-por-pavimentacion-en-el-centro-de-tula\/","title":{"rendered":"Anuncian cierre de vialidad por pavimentaci\u00f3n en el centro de Tula"},"content":{"rendered":"\n<p>El Concejo Municipal Interino de Tula, a trav\u00e9s de la direcci\u00f3n de Obras P\u00fablicas, Desarrollo Urbano y Catastro, informa que comenzar\u00e1n los trabajos para pavimentar con concreto hidr\u00e1ulico, la calle Ferrocarril, situada en la colonia centro.<\/p>\n\n\n\n<p>A partir del d\u00eda martes 3 de noviembre, ser\u00e1 cerrada a la circulaci\u00f3n vial la calle Ferrocarril, que sirve como conector hacia la calle 5 de Febrero, en las inmediaciones de las v\u00edas del tren y un laboratorio cl\u00ednico.<\/p>\n\n\n\n<p>El tiempo total estimado de la conclusi\u00f3n de la obra ser\u00eda de 15 d\u00edas, ante el uso de aditivos para acelerar el fraguado con la finalidad de abrir en el menor tiempo posible la circulaci\u00f3n vial en esa zona.<\/p>\n\n\n\n<p>A temprana hora del pr\u00f3ximo d\u00eda martes, el \u00e1rea de Maquinaria comenzar\u00e1 a levantar la carpeta asf\u00e1ltica para que posteriormente la direcci\u00f3n de Obras P\u00fablicas del municipio, proceda a continuar los trabajos que comprenden 637 metros cuadrados de pavimento hidr\u00e1ulico.<\/p>\n\n\n\n<p>La meta es pavimentar 91 metros lineales por un promedio de 7 metros de ancho y un espesor de 20. El monto de la obra asciende a 445 mil 492. 64 pesos de recursos propios municipales, donde los vecinos no realizar\u00e1n aportaci\u00f3n econ\u00f3mica.<\/p>\n\n\n\n<p>Ante el cierre de este tramo comprendido entre avenida L\u00e1zaro C\u00e1rdenas y calle 5 de Febrero, utilizar v\u00edas alternas como la misma calle 5 de Febrero, 16 de Septiembre, la nueva vialidad de Mina y Atanacio Bernal.<\/p>\n","protected":false},"excerpt":{"rendered":"<p>El Concejo Municipal Interino de Tula, a trav\u00e9s de la direcci\u00f3n de Obras P\u00fablicas, Desarrollo Urbano y Catastro, informa que comenzar\u00e1n los trabajos para pavimentar con concreto hidr\u00e1ulico, la calle Ferrocarril, situada en la colonia centro. A partir del d\u00eda martes 3 de noviembre, ser\u00e1 cerrada a la circulaci\u00f3n vial la calle Ferrocarril, que sirve [&hellip;]<\/p>\n","protected":false},"author":93,"featured_media":139086,"comment_status":"closed","ping_status":"open","sticky":false,"template":"","format":"standard","meta":{"footnotes":""},"categories":[40],"tags":[],"class_list":["post-139085","post","type-post","status-publish","format-standard","has-post-thumbnail","hentry","category-region"],"_links":{"self":[{"href":"https:\/\/plazajuarez.mx\/historico\/wp-json\/wp\/v2\/posts\/139085","targetHints":{"allow":["GET"]}}],"collection":[{"href":"https:\/\/plazajuarez.mx\/historico\/wp-json\/wp\/v2\/posts"}],"about":[{"href":"https:\/\/plazajuarez.mx\/historico\/wp-json\/wp\/v2\/types\/post"}],"author":[{"embeddable":true,"href":"https:\/\/plazajuarez.mx\/historico\/wp-json\/wp\/v2\/users\/93"}],"replies":[{"embeddable":true,"href":"https:\/\/plazajuarez.mx\/historico\/wp-json\/wp\/v2\/comments?post=139085"}],"version-history":[{"count":0,"href":"https:\/\/plazajuarez.mx\/historico\/wp-json\/wp\/v2\/posts\/139085\/revisions"}],"wp:featuredmedia":[{"embeddable":true,"href":"https:\/\/plazajuarez.mx\/historico\/wp-json\/wp\/v2\/media\/139086"}],"wp:attachment":[{"href":"https:\/\/plazajuarez.mx\/historico\/wp-json\/wp\/v2\/media?parent=139085"}],"wp:term":[{"taxonomy":"category","embeddable":true,"href":"https:\/\/plazajuarez.mx\/historico\/wp-json\/wp\/v2\/categories?post=139085"},{"taxonomy":"post_tag","embeddable":true,"href":"https:\/\/plazajuarez.mx\/historico\/wp-json\/wp\/v2\/tags?post=139085"}],"curies":[{"name":"wp","href":"https:\/\/api.w.org\/{rel}","templated":true}]}}