{"id":139079,"date":"2020-11-02T12:23:38","date_gmt":"2020-11-02T18:23:38","guid":{"rendered":"https:\/\/plazajuarez.mx\/?p=139079"},"modified":"2020-11-02T12:23:54","modified_gmt":"2020-11-02T18:23:54","slug":"fiesta-de-las-almas-tradicion-indigena-para-venerar-a-los-muertos","status":"publish","type":"post","link":"https:\/\/plazajuarez.mx\/historico\/fiesta-de-las-almas-tradicion-indigena-para-venerar-a-los-muertos\/","title":{"rendered":"Fiesta de las almas, tradici\u00f3n ind\u00edgena para venerar a los muertos"},"content":{"rendered":"\n<p>Bajo una luna azul, los pueblos mayas de los Altos de Chiapas, en el sureste de M\u00e9xico, celebran estos d\u00edas la fiesta del alma (k\u00b4in ch\u00b4ulelal, en tzotzil), su particular D\u00eda de Muertos, dos d\u00edas de convivencia espiritual con las almas de sus ancestros.<\/p>\n\n\n\n<p><br>Es una tradici\u00f3n milenaria en donde los habitantes de la regi\u00f3n ofrendan velas, comida, posh (bebida sagrada), incienso, flores y juncia a los seres queridos que ya no est\u00e1n, en agradecimiento por los bienes que les fueron heredados a sus descendientes, explica este lunes a Efe Manuel Anastasio P\u00e9rez Hern\u00e1ndez, ind\u00edgena tzotzil y autoridad municipal.<\/p>\n\n\n\n<p><br>\u201cSeguimos con nuestros usos y costumbres, nuestras tradiciones, vivi\u00e9ndolas sin importar si llueve, truena o relampaguea. Debemos estar en el pante\u00f3n\u201d, dice Manuel con convicci\u00f3n.<\/p>\n\n\n\n<p><br>Ataviados en sus trajes ceremoniales, los mayordomos y sacristanes llegan puntuales al cementerio y realizan rezos prolongados al pie de las tumbas invocando y dando la bienvenida a las almas de los difuntos.<\/p>\n\n\n\n<p>\u201cDesde la 7 de la ma\u00f1ana. A esa hora llegan los mayordomos, ellos se acompa\u00f1an por sacristanes quienes se encargan de llamar a las almas para que vengan al mundo de los vivos los familiares. Y al otro d\u00eda nuevamente pasan de tumba en tumba para regresar las almas y que estas no queden penando en el pueblo, en la monta\u00f1a, y regresen donde deben de estar\u201d expresa Manuel.<\/p>\n\n\n\n<p><br>Los pueblos mayas han mantenido vivo el conocimiento de sus ancestros. De generaci\u00f3n en generaci\u00f3n transmiten la experiencia de estar en contacto con sus antepasados, raz\u00f3n por la que en esta fecha muchos ind\u00edgenas que migran hacia otros estados de M\u00e9xico e incluso otros pa\u00edses vuelven a su tierra natal para el reencuentro de las almas.<\/p>\n\n\n\n<p><br>&#8220;Para nosotros es importante porque es una uni\u00f3n familiar, no importa donde est\u00e9n, no importa donde trabajen, tienen que venir a convivir en el pante\u00f3n esos dos d\u00edas, y tambi\u00e9n en la casa&#8221;, subraya el hombre.<\/p>\n\n\n\n<p><br><strong>FESTEJOS PESE A LA PANDEMIA<\/strong><\/p>\n\n\n\n<p><br>Pese a la contingencia sanitaria actual, los preparativos no se detuvieron, aunque fueron afectados por la pandemia de covid-19, que ha dejado m\u00e1s de 920.000 contagios y casi 92.000 muertos en el pa\u00eds.<\/p>\n\n\n\n<p><br>As\u00ed, las actividades de limpieza y saneamiento de los panteones comenzaron hace m\u00e1s de una semana.<\/p>\n\n\n\n<p><br>El s\u00e1bado pasado, los pobladores llegaron con cientos de flores a los panteones a decorar las tumbas. Mientras que para este 1 y 2 de noviembre, se colocan sobre las tumbas una alfombra de juncia, y sobre ella depositan los alimentos que consumen en la regi\u00f3n: tamal, atole, elote hervido, pan y posh, que es un aguardiente tradicional y una bebida ceremonial de los pueblos mayas.<\/p>\n\n\n\n<p><br>De igual forma en cada domicilio las familias colocan un altar con flores, velas en la espera del reencuentro espiritual de sus antepasados.<br>Paola Petrona Hern\u00e1ndez Hern\u00e1ndez, artesana de Zinacant\u00e1n, recuerda los consejos de sus padres: \u201cSiempre me han dicho mis pap\u00e1s que en estas fechas vienen a visitar a los familiares porque las almas se acuerdan d\u00f3nde viv\u00edan, qui\u00e9n es su familia\u201d.<\/p>\n\n\n\n<p><br>El men\u00fa que se les ofrece es muy sencillo: \u201cSe les pone una silla, una mesa, para que consuman lo que hay en la mesa. La comida tiene que estar ma\u00f1ana y pasado. Es caldo de res, de pollo de rancho y refresco&#8221;.<\/p>\n\n\n\n<p><br>A pesar de que la pandemia contin\u00faa, el pueblo tzotzil se aferra a sus costumbres y tradiciones porque &#8220;no quieren perder la tradici\u00f3n&#8221;<br>&#8220;Nosotros nos curamos con curanderos (m\u00e9dicos tradicionales) esa enfermedad&#8221;, asegura Paola.<\/p>\n\n\n\n<p>Este a\u00f1o los rezos fueron elevados para pedir que la enfermedad que est\u00e1 sacudiendo a la humanidad no extermine a su pueblo. Adem\u00e1s, tambi\u00e9n piden por las buenas cosechas de flor y para que se reactive la econom\u00eda del pueblo mexicano.<\/p>\n","protected":false},"excerpt":{"rendered":"<p>Bajo una luna azul, los pueblos mayas de los Altos de Chiapas, en el sureste de M\u00e9xico, celebran estos d\u00edas la fiesta del alma (k\u00b4in ch\u00b4ulelal, en tzotzil), su particular D\u00eda de Muertos, dos d\u00edas de convivencia espiritual con las almas de sus ancestros. Es una tradici\u00f3n milenaria en donde los habitantes de la regi\u00f3n [&hellip;]<\/p>\n","protected":false},"author":80,"featured_media":139080,"comment_status":"closed","ping_status":"open","sticky":false,"template":"","format":"standard","meta":{"footnotes":""},"categories":[15,36],"tags":[],"class_list":["post-139079","post","type-post","status-publish","format-standard","has-post-thumbnail","hentry","category-destacadas","category-nacion"],"_links":{"self":[{"href":"https:\/\/plazajuarez.mx\/historico\/wp-json\/wp\/v2\/posts\/139079","targetHints":{"allow":["GET"]}}],"collection":[{"href":"https:\/\/plazajuarez.mx\/historico\/wp-json\/wp\/v2\/posts"}],"about":[{"href":"https:\/\/plazajuarez.mx\/historico\/wp-json\/wp\/v2\/types\/post"}],"author":[{"embeddable":true,"href":"https:\/\/plazajuarez.mx\/historico\/wp-json\/wp\/v2\/users\/80"}],"replies":[{"embeddable":true,"href":"https:\/\/plazajuarez.mx\/historico\/wp-json\/wp\/v2\/comments?post=139079"}],"version-history":[{"count":0,"href":"https:\/\/plazajuarez.mx\/historico\/wp-json\/wp\/v2\/posts\/139079\/revisions"}],"wp:featuredmedia":[{"embeddable":true,"href":"https:\/\/plazajuarez.mx\/historico\/wp-json\/wp\/v2\/media\/139080"}],"wp:attachment":[{"href":"https:\/\/plazajuarez.mx\/historico\/wp-json\/wp\/v2\/media?parent=139079"}],"wp:term":[{"taxonomy":"category","embeddable":true,"href":"https:\/\/plazajuarez.mx\/historico\/wp-json\/wp\/v2\/categories?post=139079"},{"taxonomy":"post_tag","embeddable":true,"href":"https:\/\/plazajuarez.mx\/historico\/wp-json\/wp\/v2\/tags?post=139079"}],"curies":[{"name":"wp","href":"https:\/\/api.w.org\/{rel}","templated":true}]}}