{"id":13897,"date":"2015-11-25T12:08:05","date_gmt":"2015-11-25T12:08:05","guid":{"rendered":"http:\/\/plazajuarez.mx\/index\/index.php\/2015\/11\/25\/hacer-frente-al-miedo-social-2\/"},"modified":"2015-11-25T12:08:05","modified_gmt":"2015-11-25T12:08:05","slug":"hacer-frente-al-miedo-social-2","status":"publish","type":"post","link":"https:\/\/plazajuarez.mx\/historico\/hacer-frente-al-miedo-social-2\/","title":{"rendered":"Hacer frente al miedo social"},"content":{"rendered":"<p><strong>Conciencia Ciudadana <\/strong><\/p>\n<p>  <!--more-->  <\/p>\n<p><strong>\u00a0<\/strong><\/p>\n<p>Somos testigos de conmociones in\u00e9ditas, que parecen rebasar toda proporci\u00f3n y medida. Guerras, terrorismo, represi\u00f3n, genocidios y desapariciones forzadas han tomado carta de naturalizaci\u00f3n en la cotidianeidad del contexto actual. Tal parece que amenazan a toda la humanidad, a\u00fan sobre quienes, han podido escapar milagrosamente de alguna manera a su flagelo; porque pertenecer a la sociedad moderna es, por definici\u00f3n, vivir con una sensaci\u00f3n permanente de inseguridad, soledad, incomprensi\u00f3n y violencia a las que no escapan ni los reci\u00e9n llegados ni los que ya vamos de salida.<\/p>\n<p>En suma, vivimos en una sociedad generadora de angustia, dolor y miedo. Pero la realidad es m\u00e1s sombr\u00eda de lo que nos imaginamos, porque no solo hemos tenido que convivir con esos viejos flagelos, sino que ellos se han transformado en parte de la estructura del poder contempor\u00e1neo actuando como instrumento de control social de manera expl\u00edcita e intencionada por los grandes centros de poder dominantes; que no est\u00e1n dispuestos a abandonar su preeminencia hist\u00f3rica y de otros que llegan abri\u00e9ndose el paso mediante el terror y la violencia.<\/p>\n<p>Hoy, los medios informativos nos saturan con las terribles im\u00e1genes de los cruentos atentados cometidos en Par\u00eds por los miembros del Estado Isl\u00e1mico sobre inermes v\u00edctimas entre las que incluso se encuentran algunos mexicanos. Desafortunadamente, en medio de la indignaci\u00f3n y la rabia las voces que pudieran llamar a la cordura son pocas o no se dejan escuchar. El gobierno franc\u00e9s asegura que no tendr\u00e1 piedad de los asesinos, y los de Europa y los Estados Unidos los secundan en sus planes vengativos. Los ciudadanos franceses, azuzados por los medios de comunicaci\u00f3n claman venganza en las plazas y las calles de la Ciudad Luz, las mismas donde en tantas ocasiones han marchado para defender la libertad, la igualdad y la fraternidad humana.<\/p>\n<p>Pero a r\u00edo revuelto, ganancia de pescadores, pues ni tardos ni perezosos, las \u00e9lites pol\u00edticas del mundo entero aprovechan la ocasi\u00f3n para reforzar sus sistemas de seguridad y represi\u00f3n social con el pretexto del peligro que corren sus gobernados, quienes atemorizados por las reales o supuesta amenazas, deciden otorgar su confianza total a gobernantes autoritarios e intolerantes que, aprovechando el miedo social, hacen aprobar por los poderes legislativos estrictas leyes de control a la libertad de expresi\u00f3n, al derecho a la informaci\u00f3n o de reuni\u00f3n ciudadana. Los encargados de los sistemas polic\u00edacos, de inteligencia o las fuerzas armadas van posicion\u00e1ndose en el tablero de las decisiones m\u00e1s importantes de todas las naciones, incluyendo M\u00e9xico; porque el miedo, mal consejero, hace que los ciudadanos prefieran la mano dura al di\u00e1logo y la ley como medios id\u00f3neos de resoluci\u00f3n de los problemas.<\/p>\n<p>Al miedo sucede el odio, fomentado cuidadosamente entre la ciudadan\u00eda inconsciente con el fin de poner al pueblo en contra de intelectuales y periodistas cr\u00edticos, luchadores sociales, estudiantes rebeldes o maestros indomables. Vuelve a levantarse entre nosotros el fantasma de la violencia polic\u00edaca y el porrismo del pasado, dirigido no solo a aplastar a quienes se oponen a acatar medidas unilaterales y arbitrarias, sino para infundir miedo en una sociedad cada vez m\u00e1s inconforme frente a la intransigencia de los gobernantes.<\/p>\n<p>A pesar de ello, el manejo del miedo como instrumento para el control social poco puede hacer cuando los problemas no se resuelven y la ciudadan\u00eda toma conciencia de su capacidad para hacerles frente. Hasta hace poco tiempo la opini\u00f3n p\u00fablica era f\u00e1cilmente enga\u00f1ada, pues la informaci\u00f3n con la que contaba era escasa y, adem\u00e1s, controlada por los poderes p\u00fablicos a trav\u00e9s de los medios masivos de comunicaci\u00f3n; pero hoy, las redes p\u00fablicas han logrado dar un giro de 180 grados a esa circunstancia y a pesar del temor social que a\u00fan persiste, grandes sectores de la poblaci\u00f3n, sobre todo las m\u00e1s j\u00f3venes, est\u00e1n m\u00e1s informados que nunca y dif\u00edcilmente pueden ser enga\u00f1ados.<\/p>\n<p>Se hace, pues, necesario, que la <strong>conciencia ciudadana<\/strong> construya una red com\u00fan contra el miedo y el odio social. No permitamos que nos avasalle la catarata informativa que fomenta y justifica la cerraz\u00f3n o la represi\u00f3n como \u00fanicos caminos para resolver los complejos problemas que vivimos cuya soluci\u00f3n reclama la comprensi\u00f3n de los intereses en pugna y el di\u00e1logo constructivo. Exijamos la prudencia en quienes deben resolverlos y detengamos la espiral de violencia social que solo conduce a mayor violencia, y cuyo riesgo mayor es no poder detenerla el d\u00eda de ma\u00f1ana.<\/p>\n<p>Y recuerden que vivos se los llevaron y vivos los queremos no s\u00f3lo a los estudiantes sino a todos los desaparecidos en nuestro pa\u00eds.<\/p>\n","protected":false},"excerpt":{"rendered":"<p>Conciencia Ciudadana<\/p>\n","protected":false},"author":93,"featured_media":0,"comment_status":"open","ping_status":"open","sticky":false,"template":"","format":"standard","meta":{"footnotes":""},"categories":[42],"tags":[],"class_list":["post-13897","post","type-post","status-publish","format-standard","hentry","category-nuestrapalabra"],"_links":{"self":[{"href":"https:\/\/plazajuarez.mx\/historico\/wp-json\/wp\/v2\/posts\/13897","targetHints":{"allow":["GET"]}}],"collection":[{"href":"https:\/\/plazajuarez.mx\/historico\/wp-json\/wp\/v2\/posts"}],"about":[{"href":"https:\/\/plazajuarez.mx\/historico\/wp-json\/wp\/v2\/types\/post"}],"author":[{"embeddable":true,"href":"https:\/\/plazajuarez.mx\/historico\/wp-json\/wp\/v2\/users\/93"}],"replies":[{"embeddable":true,"href":"https:\/\/plazajuarez.mx\/historico\/wp-json\/wp\/v2\/comments?post=13897"}],"version-history":[{"count":0,"href":"https:\/\/plazajuarez.mx\/historico\/wp-json\/wp\/v2\/posts\/13897\/revisions"}],"wp:attachment":[{"href":"https:\/\/plazajuarez.mx\/historico\/wp-json\/wp\/v2\/media?parent=13897"}],"wp:term":[{"taxonomy":"category","embeddable":true,"href":"https:\/\/plazajuarez.mx\/historico\/wp-json\/wp\/v2\/categories?post=13897"},{"taxonomy":"post_tag","embeddable":true,"href":"https:\/\/plazajuarez.mx\/historico\/wp-json\/wp\/v2\/tags?post=13897"}],"curies":[{"name":"wp","href":"https:\/\/api.w.org\/{rel}","templated":true}]}}