{"id":13893,"date":"2015-11-25T12:04:24","date_gmt":"2015-11-25T12:04:24","guid":{"rendered":"http:\/\/plazajuarez.mx\/index\/index.php\/2015\/11\/25\/derechos-humanos\/"},"modified":"2015-11-25T12:04:24","modified_gmt":"2015-11-25T12:04:24","slug":"derechos-humanos","status":"publish","type":"post","link":"https:\/\/plazajuarez.mx\/historico\/derechos-humanos\/","title":{"rendered":"Derechos humanos"},"content":{"rendered":"<p>Cuando se habla acerca de los derechos humanos se hace referencia a aqu\u00e9llos que son inherentes a la persona as\u00ed como los derechos fundamentales que consagra nuestra Constituci\u00f3n Pol\u00edtica Federal conjuntamente con los tratados internacionales reconocidos por el estado mexicano.<\/p>\n<p>  <!--more-->  <\/p>\n<p>Es importante resaltar que deben de ser respetados sin discriminaci\u00f3n alguna motivada por la nacionalidad, el g\u00e9nero, la edad, las discapacidades, la condici\u00f3n social, las condiciones de salud, el origen \u00e9tnico, la religi\u00f3n, las opiniones, las preferencias sexuales, el estado civil o cualquier otra condici\u00f3n que atente contra la dignidad humana. <br \/>La persona es el ente susceptible de adquirir derechos y obligaciones as\u00ed podemos resaltar que los derechos humanos incluyen tanto derechos como obligaciones, debemos de tener en cuenta que la obligaci\u00f3n del Estado es respetar y proteger los derechos humanos de las personas, pero en el plano individual nuestra obligaci\u00f3n tambi\u00e9n es respetar los derechos humanos de los dem\u00e1s. La educaci\u00f3n es la base esencial para que los derechos humanos sean comprendidos de una manera m\u00e1s clara. La educaci\u00f3n en materia de derechos humanos es una clara reafirmaci\u00f3n de nuestros valores que recibimos en el seno de nuestros hogares. <br \/>Yo considero que es fundamental la promoci\u00f3n de los derechos humanos como una manera de vivir y prevenir conflictos, la escuela es el baluarte m\u00e1s importante despu\u00e9s de la familia para reforzar los valores. El aula es el lugar donde los valores no s\u00f3lo son aplicados como una norma de conducta sino que tambi\u00e9n en la escuela se ense\u00f1a, se educa y m\u00e1s que nada se adiestra a la pr\u00e1ctica de los valores que se encuentran contenidos en los derechos humanos. <br \/>El hacer conciencia en este aspecto de los valores es esencial para la promoci\u00f3n de los derechos humanos. Los maestros son el claro ejemplo de las personas que han aceptado la alt\u00edsima responsabilidad de poner en pr\u00e1ctica en su vida los valores que nuestra sociedad ha defendido durante mucho tiempo. <br \/>Entonces no basta con ense\u00f1ar te\u00f3ricamente los valores, tampoco basta con una que otra conferencia en la que solamente se ilustren casos en los que existe la nulidad de valores sino que es importante crear las condiciones necesarias con una excelente estructura para que se aprenda a respetar y se aprenda a ense\u00f1ar el respeto por los valores. <br \/>Hoy en d\u00eda es de suma importancia vivir en una sociedad tolerante y respetuosa de las libertades de las personas que en plenitud del ejercicio de sus derechos humanos desarrollan su personalidad en un estado democr\u00e1tico de derecho, en el que el respeto a la ley y a los derechos humanos sea una norma de conducta que forme parte de nuestra cultura, en la que la autocr\u00edtica sea el camino para hacernos mejores mediante acciones que generen un cambio para abatir la desigualdad y la discriminaci\u00f3n. <br \/>\u2022\u00a0\u00a0 \u00a0Estudiante de Derecho de la Universidad La Salle<\/p>\n","protected":false},"excerpt":{"rendered":"<p>Cuando se habla acerca de los derechos humanos se hace referencia a aqu\u00e9llos que son inherentes a la persona as\u00ed como los derechos fundamentales que consagra nuestra Constituci\u00f3n Pol\u00edtica Federal conjuntamente con los tratados internacionales reconocidos por el estado mexicano.<\/p>\n","protected":false},"author":93,"featured_media":0,"comment_status":"open","ping_status":"open","sticky":false,"template":"","format":"standard","meta":{"footnotes":""},"categories":[42],"tags":[],"class_list":["post-13893","post","type-post","status-publish","format-standard","hentry","category-nuestrapalabra"],"_links":{"self":[{"href":"https:\/\/plazajuarez.mx\/historico\/wp-json\/wp\/v2\/posts\/13893","targetHints":{"allow":["GET"]}}],"collection":[{"href":"https:\/\/plazajuarez.mx\/historico\/wp-json\/wp\/v2\/posts"}],"about":[{"href":"https:\/\/plazajuarez.mx\/historico\/wp-json\/wp\/v2\/types\/post"}],"author":[{"embeddable":true,"href":"https:\/\/plazajuarez.mx\/historico\/wp-json\/wp\/v2\/users\/93"}],"replies":[{"embeddable":true,"href":"https:\/\/plazajuarez.mx\/historico\/wp-json\/wp\/v2\/comments?post=13893"}],"version-history":[{"count":0,"href":"https:\/\/plazajuarez.mx\/historico\/wp-json\/wp\/v2\/posts\/13893\/revisions"}],"wp:attachment":[{"href":"https:\/\/plazajuarez.mx\/historico\/wp-json\/wp\/v2\/media?parent=13893"}],"wp:term":[{"taxonomy":"category","embeddable":true,"href":"https:\/\/plazajuarez.mx\/historico\/wp-json\/wp\/v2\/categories?post=13893"},{"taxonomy":"post_tag","embeddable":true,"href":"https:\/\/plazajuarez.mx\/historico\/wp-json\/wp\/v2\/tags?post=13893"}],"curies":[{"name":"wp","href":"https:\/\/api.w.org\/{rel}","templated":true}]}}