{"id":138339,"date":"2020-10-27T06:00:35","date_gmt":"2020-10-27T12:00:35","guid":{"rendered":"https:\/\/plazajuarez.mx\/?p=138339"},"modified":"2020-10-26T22:54:25","modified_gmt":"2020-10-27T04:54:25","slug":"promueven-movilidad-segura-para-mujeres-en-taxis-de-tula-2","status":"publish","type":"post","link":"https:\/\/plazajuarez.mx\/historico\/promueven-movilidad-segura-para-mujeres-en-taxis-de-tula-2\/","title":{"rendered":"Promueven \u201cMovilidad segura\u201d para mujeres en taxis de Tula"},"content":{"rendered":"\n<p>Con el objetivo de fomentar m\u00e1s condiciones que inhiban la violencia de g\u00e9nero, el Concejo Municipal Interino de Tula, a trav\u00e9s de la Instancia Municipal para el Desarrollo de las Mujeres, lleva a cabo capacitaci\u00f3n y difusi\u00f3n de informaci\u00f3n a operadores, usuarias y usuarios del transporte p\u00fablico en su modalidad de taxis.<\/p>\n\n\n\n<p>Por medio del proyecto \u201cMovilidad segura\u201d, se promueven campa\u00f1as de sensibilizaci\u00f3n y educaci\u00f3n, as\u00ed como brindar informaci\u00f3n sobre las distintas formas de violencia que se ejerce contra ni\u00f1as y mujeres en espacios p\u00fablicos,&nbsp; particularmente en el transporte p\u00fablico.<\/p>\n\n\n\n<p>El programa busca crear condiciones seguras e informaci\u00f3n necesaria para que las mujeres, ante cualquier riesgo de violencia, sepan qu\u00e9 hacer. Se promueven formas creativas e innovadoras para atender y erradicar estas formas de violencia espec\u00edficamente acoso y violencia sexual.<\/p>\n\n\n\n<p>Se otorgar\u00e1n calcoman\u00edas y hologramas, principalmente, a fin de que la ciudadan\u00eda identifique en el transporte p\u00fablico los \u201ctaxis seguros\u201d, con un adhesivo brindado por el municipio y perteneciente a este programa.<\/p>\n\n\n\n<p>Se brinda capacitaci\u00f3n a los conductores del transporte p\u00fablico para generar empat\u00eda con mujeres y con la ciudadan\u00eda con el objetivo de promover un enfoque de igualdad de g\u00e9nero y respeto a los derechos humanos, creando una cultura de transformaci\u00f3n en la poblaci\u00f3n de Tula.<\/p>\n\n\n\n<p>Se busca que al contar con la calcoman\u00eda en las unidades de taxi, las usuarias se sientan seguras al viajar en un transporte p\u00fablico que ha recibido previa capacitaci\u00f3n en el tema.<\/p>\n","protected":false},"excerpt":{"rendered":"<p>Con el objetivo de fomentar m\u00e1s condiciones que inhiban la violencia de g\u00e9nero, el Concejo Municipal Interino de Tula, a trav\u00e9s de la Instancia Municipal para el Desarrollo de las Mujeres, lleva a cabo capacitaci\u00f3n y difusi\u00f3n de informaci\u00f3n a operadores, usuarias y usuarios del transporte p\u00fablico en su modalidad de taxis. Por medio del [&hellip;]<\/p>\n","protected":false},"author":93,"featured_media":138347,"comment_status":"closed","ping_status":"open","sticky":false,"template":"","format":"standard","meta":{"footnotes":""},"categories":[40],"tags":[],"class_list":["post-138339","post","type-post","status-publish","format-standard","has-post-thumbnail","hentry","category-region"],"_links":{"self":[{"href":"https:\/\/plazajuarez.mx\/historico\/wp-json\/wp\/v2\/posts\/138339","targetHints":{"allow":["GET"]}}],"collection":[{"href":"https:\/\/plazajuarez.mx\/historico\/wp-json\/wp\/v2\/posts"}],"about":[{"href":"https:\/\/plazajuarez.mx\/historico\/wp-json\/wp\/v2\/types\/post"}],"author":[{"embeddable":true,"href":"https:\/\/plazajuarez.mx\/historico\/wp-json\/wp\/v2\/users\/93"}],"replies":[{"embeddable":true,"href":"https:\/\/plazajuarez.mx\/historico\/wp-json\/wp\/v2\/comments?post=138339"}],"version-history":[{"count":0,"href":"https:\/\/plazajuarez.mx\/historico\/wp-json\/wp\/v2\/posts\/138339\/revisions"}],"wp:featuredmedia":[{"embeddable":true,"href":"https:\/\/plazajuarez.mx\/historico\/wp-json\/wp\/v2\/media\/138347"}],"wp:attachment":[{"href":"https:\/\/plazajuarez.mx\/historico\/wp-json\/wp\/v2\/media?parent=138339"}],"wp:term":[{"taxonomy":"category","embeddable":true,"href":"https:\/\/plazajuarez.mx\/historico\/wp-json\/wp\/v2\/categories?post=138339"},{"taxonomy":"post_tag","embeddable":true,"href":"https:\/\/plazajuarez.mx\/historico\/wp-json\/wp\/v2\/tags?post=138339"}],"curies":[{"name":"wp","href":"https:\/\/api.w.org\/{rel}","templated":true}]}}