{"id":138317,"date":"2020-10-27T06:00:02","date_gmt":"2020-10-27T12:00:02","guid":{"rendered":"https:\/\/plazajuarez.mx\/?p=138317"},"modified":"2020-10-26T22:48:29","modified_gmt":"2020-10-27T04:48:29","slug":"alfil-negro-1946","status":"publish","type":"post","link":"https:\/\/plazajuarez.mx\/historico\/alfil-negro-1946\/","title":{"rendered":"ALFIL NEGRO"},"content":{"rendered":"\n<h3 class=\"wp-block-heading\">BUEN EQUIPO PERO ALGUNOS SE IR\u00c1N<\/h3>\n\n\n\n<p>El equipo del gobernador Fayad, es sin duda muy bueno, lo que refleja atinada visi\u00f3n en la elecci\u00f3n de los colaboradores y de lo que dan prueba los resultados que se tienen con reconocimiento general.<\/p>\n\n\n\n<p>Desde luego cuenta y mucho, la direcci\u00f3n y gu\u00eda del gobernador considerado en muchos trabajos de opini\u00f3n, como el mejor de M\u00e9xico.<\/p>\n\n\n\n<p>Con buenas cuentas se sabe del trabajo de Sim\u00f3n Vargas, Jos\u00e9 Luis Romo, Jessica Blancas, Mauricio Delmar, Carlos Mu\u00f1iz, Lam\u00e1n Carranza, Ra\u00fal Arroyo, Sergio Vargas entre otros.<\/p>\n\n\n\n<p>El equipo se ha consolidado con buen trabajo en unidad y responsabilidad, y con logros que se notan en cada oficina, con excelentes calificaciones de organismos nacionales e internacionales.&nbsp;<\/p>\n\n\n\n<p>Sin embargo, el tiempo pasa y varias circunstancias pueden obligar a que este equipo tenga que dejar ir a varios titulares de las secretar\u00edas.<\/p>\n\n\n\n<p>Para empezar al gobierno de Omar Fayad le quedan dos a\u00f1os y es la hora de empezar a pensar&nbsp; en relevos y cambios obligados, porque se avecina la gran elecci\u00f3n del 6 de junio del 2021, en que en nuestro estado elegiremos 18 diputados locales de mayor\u00eda que con los 12 de representaci\u00f3n proporcional suman los 30 de la legislatura que viene la&nbsp; LXV.<\/p>\n\n\n\n<p>Pero no ser\u00e1n todos los que elegiremos, ya que ese mismo d\u00eda votaremos para elegir 7 diputados federales para la C\u00e1mara baja.<\/p>\n\n\n\n<p>No es una elecci\u00f3n m\u00e1s, es una elecci\u00f3n clave en la vida democr\u00e1tica del pa\u00eds, por lo que representa un Congreso para que el partido dominante deje de ser mayor\u00eda para tener contrapesos en el acto de gobierno del pa\u00eds, entre el poder Ejecutivo y el Legislativo.<\/p>\n\n\n\n<p>Por esta importancia, es que cada estado y cada partido pondr\u00e1 en la carrera electoral, eso suponemos, sus mejores apuestas en busca de la victoria .<\/p>\n\n\n\n<p>En Hidalgo, algunos Secretarios parecen tener muchas posibilidades de ser candidatos.<\/p>\n\n\n\n<p>Apunte usted con cartas para esos escenarios a Jos\u00e9 Luis Romo, Jessica Blancas, Carlos Mu\u00f1iz entre otros, sin descartar las cartas que el propio PRI puede tener, sobre todo despu\u00e9s del buen papel de la elecci\u00f3n de alcaldes, y en esa lectura no descarte a Julio Valera y a la misma Presidenta Erika Rodr\u00edguez.<\/p>\n\n\n\n<p>As\u00ed se mueve la pol\u00edtica y as\u00ed surgen las nuevas figuras.<\/p>\n\n\n\n<p>Y los tiempos han llegado ya.<\/p>\n\n\n\n<p>Es la hora de apostar.<\/p>\n","protected":false},"excerpt":{"rendered":"<p>BUEN EQUIPO PERO ALGUNOS SE IR\u00c1N El equipo del gobernador Fayad, es sin duda muy bueno, lo que refleja atinada visi\u00f3n en la elecci\u00f3n de los colaboradores y de lo que dan prueba los resultados que se tienen con reconocimiento general. Desde luego cuenta y mucho, la direcci\u00f3n y gu\u00eda del gobernador considerado en muchos [&hellip;]<\/p>\n","protected":false},"author":83,"featured_media":0,"comment_status":"closed","ping_status":"open","sticky":false,"template":"","format":"standard","meta":{"footnotes":""},"categories":[48,42],"tags":[],"class_list":["post-138317","post","type-post","status-publish","format-standard","hentry","category-adalberto-peralta","category-nuestrapalabra"],"_links":{"self":[{"href":"https:\/\/plazajuarez.mx\/historico\/wp-json\/wp\/v2\/posts\/138317","targetHints":{"allow":["GET"]}}],"collection":[{"href":"https:\/\/plazajuarez.mx\/historico\/wp-json\/wp\/v2\/posts"}],"about":[{"href":"https:\/\/plazajuarez.mx\/historico\/wp-json\/wp\/v2\/types\/post"}],"author":[{"embeddable":true,"href":"https:\/\/plazajuarez.mx\/historico\/wp-json\/wp\/v2\/users\/83"}],"replies":[{"embeddable":true,"href":"https:\/\/plazajuarez.mx\/historico\/wp-json\/wp\/v2\/comments?post=138317"}],"version-history":[{"count":0,"href":"https:\/\/plazajuarez.mx\/historico\/wp-json\/wp\/v2\/posts\/138317\/revisions"}],"wp:attachment":[{"href":"https:\/\/plazajuarez.mx\/historico\/wp-json\/wp\/v2\/media?parent=138317"}],"wp:term":[{"taxonomy":"category","embeddable":true,"href":"https:\/\/plazajuarez.mx\/historico\/wp-json\/wp\/v2\/categories?post=138317"},{"taxonomy":"post_tag","embeddable":true,"href":"https:\/\/plazajuarez.mx\/historico\/wp-json\/wp\/v2\/tags?post=138317"}],"curies":[{"name":"wp","href":"https:\/\/api.w.org\/{rel}","templated":true}]}}