{"id":138308,"date":"2020-10-26T20:27:27","date_gmt":"2020-10-27T02:27:27","guid":{"rendered":"https:\/\/plazajuarez.mx\/?p=138308"},"modified":"2020-10-26T20:27:44","modified_gmt":"2020-10-27T02:27:44","slug":"mexico-suma-895-mil-casos-de-covid-y-89-mil-muertes","status":"publish","type":"post","link":"https:\/\/plazajuarez.mx\/historico\/mexico-suma-895-mil-casos-de-covid-y-89-mil-muertes\/","title":{"rendered":"M\u00e9xico suma 895 mil casos de Covid y 89 mil muertes"},"content":{"rendered":"\n<p>M\u00e9xico suma en el corte de este 26 de octubre 89 mil 171 muertes por Covid-19, con 895 mil 326 casos de contagios confirmados de coronavirus, seg\u00fan informan autoridades de la Secretar\u00eda de Salud.<\/p>\n\n\n\n<p>Jos\u00e9 Luis Alom\u00eda, director general de Epidemiolog\u00eda, detall\u00f3 en conferencia de prensa desde Palacio Nacional que hay un mill\u00f3n 78 mil casos negativos acumulados en el pa\u00eds.<\/p>\n","protected":false},"excerpt":{"rendered":"<p>M\u00e9xico suma en el corte de este 26 de octubre 89 mil 171 muertes por Covid-19, con 895 mil 326 casos de contagios confirmados de coronavirus, seg\u00fan informan autoridades de la Secretar\u00eda de Salud. Jos\u00e9 Luis Alom\u00eda, director general de Epidemiolog\u00eda, detall\u00f3 en conferencia de prensa desde Palacio Nacional que hay un mill\u00f3n 78 mil [&hellip;]<\/p>\n","protected":false},"author":81,"featured_media":136022,"comment_status":"closed","ping_status":"open","sticky":false,"template":"","format":"standard","meta":{"footnotes":""},"categories":[15,36],"tags":[],"class_list":["post-138308","post","type-post","status-publish","format-standard","has-post-thumbnail","hentry","category-destacadas","category-nacion"],"_links":{"self":[{"href":"https:\/\/plazajuarez.mx\/historico\/wp-json\/wp\/v2\/posts\/138308","targetHints":{"allow":["GET"]}}],"collection":[{"href":"https:\/\/plazajuarez.mx\/historico\/wp-json\/wp\/v2\/posts"}],"about":[{"href":"https:\/\/plazajuarez.mx\/historico\/wp-json\/wp\/v2\/types\/post"}],"author":[{"embeddable":true,"href":"https:\/\/plazajuarez.mx\/historico\/wp-json\/wp\/v2\/users\/81"}],"replies":[{"embeddable":true,"href":"https:\/\/plazajuarez.mx\/historico\/wp-json\/wp\/v2\/comments?post=138308"}],"version-history":[{"count":0,"href":"https:\/\/plazajuarez.mx\/historico\/wp-json\/wp\/v2\/posts\/138308\/revisions"}],"wp:featuredmedia":[{"embeddable":true,"href":"https:\/\/plazajuarez.mx\/historico\/wp-json\/wp\/v2\/media\/136022"}],"wp:attachment":[{"href":"https:\/\/plazajuarez.mx\/historico\/wp-json\/wp\/v2\/media?parent=138308"}],"wp:term":[{"taxonomy":"category","embeddable":true,"href":"https:\/\/plazajuarez.mx\/historico\/wp-json\/wp\/v2\/categories?post=138308"},{"taxonomy":"post_tag","embeddable":true,"href":"https:\/\/plazajuarez.mx\/historico\/wp-json\/wp\/v2\/tags?post=138308"}],"curies":[{"name":"wp","href":"https:\/\/api.w.org\/{rel}","templated":true}]}}