{"id":13805,"date":"2015-11-24T11:28:48","date_gmt":"2015-11-24T11:28:48","guid":{"rendered":"http:\/\/plazajuarez.mx\/index\/index.php\/2015\/11\/24\/frente-opositor-figura-autorizada-olvera\/"},"modified":"2015-11-24T11:28:48","modified_gmt":"2015-11-24T11:28:48","slug":"frente-opositor-figura-autorizada-olvera","status":"publish","type":"post","link":"https:\/\/plazajuarez.mx\/historico\/frente-opositor-figura-autorizada-olvera\/","title":{"rendered":"Frente opositor, figura  autorizada: Olvera"},"content":{"rendered":"<p>Resulta parad\u00f3jico que corrientes de una propuesta divergente pretendan agruparse buscando la alternancia, se\u00f1al\u00f3 el gobernador Francisco Olvera<\/p>\n<p>  <!--more-->  <\/p>\n<p>\u00a0<\/p>\n<p>Ante la controversia de la posible conformaci\u00f3n de un frente opositor integrado por asociaciones y partidos pol\u00edticos de izquierda para la pr\u00f3xima elecci\u00f3n de gobernador en el 2016, el ejecutivo estatal, Francisco Olvera Ru\u00edz, enfatiz\u00f3 que es una figura autorizada por la Ley.<\/p>\n<p>No obstante apunt\u00f3 que resulta parad\u00f3jico que corrientes de una propuesta divergente pretendan agruparse buscando la alternancia, \u201cse ha demostrado que no siempre funciona, sin embargo es un derecho que tienen como ciudadanos e integrantes de un partido pol\u00edtico\u201d.<\/p>\n<p>Al cuestionarle si la entidad est\u00e1 preparada para que exista alternancia en el gobierno estatal, sentenci\u00f3 que la sociedad hidalguense es madura, participativa y abierta, y ser\u00e1n los ciudadanos quienes decidan.<\/p>\n<p>Manifest\u00f3 que en m\u00e1s del 70 por ciento de los municipios se ha registrado una alternancia en los gobiernos municipales, lo que comprueba que la entidad est\u00e1 preparada para esta figura, sin embargo subray\u00f3 que el tricolor ha dado resultados.<\/p>\n<p>\u201cEl partido al que yo represento ha dado resultados y es el que sigue contando con la mayor\u00eda de la ciudad por las propuestas, alternativas y candidaturas, y depender\u00e1 de la sociedad el decidir si es bueno o no\u201d.<\/p>\n<p>Por otra parte, respecto a la aprobaci\u00f3n de la propuesta de candidatos externos presentada en la asamblea del PRI estatal el pasado fin de semana, indic\u00f3 que su instituto pol\u00edtico es incluyente y de esta manera lo demuestra.<\/p>\n<p>\u201cHay gente de la sociedad que est\u00e1 simpatizando con nuestro partido, y si se prueba su capacidad, conocimiento y prestigio, se abre la posibilidad de darles alternativa, si algo caracteriza al PRI es que es incluyente\u201d.<\/p>\n<p>Finalmente, respecto a la gira que Olvera Ru\u00edz realizar\u00e1 por el estado de Veracruz el d\u00eda de hoy, adelant\u00f3 que se trata de la inauguraci\u00f3n de un cuartel que fortalecer\u00e1 la seguridad en la zona norte de la entidad que colinda con Tamaulipas, por lo que resulta de vital importancia estrechar lazos en este tema.<\/p>\n<p>\u00a0<\/p>\n<p>EN M\u00c1S DEL 70 POR CIENTO<\/p>\n<p>DE LOS MUNICIPIOS SE HA<\/p>\n<p>REGISTRADO UNA ALTERNANCIA<\/p>\n<p>EN LOS GOBIERNOS MUNICIPALES<\/p>\n","protected":false},"excerpt":{"rendered":"<p>Resulta parad\u00f3jico que corrientes de una propuesta divergente pretendan agruparse buscando la alternancia, se\u00f1al\u00f3 el gobernador Francisco Olvera<\/p>\n","protected":false},"author":93,"featured_media":0,"comment_status":"open","ping_status":"open","sticky":false,"template":"","format":"standard","meta":{"footnotes":""},"categories":[59],"tags":[],"class_list":["post-13805","post","type-post","status-publish","format-standard","hentry","category-general"],"_links":{"self":[{"href":"https:\/\/plazajuarez.mx\/historico\/wp-json\/wp\/v2\/posts\/13805","targetHints":{"allow":["GET"]}}],"collection":[{"href":"https:\/\/plazajuarez.mx\/historico\/wp-json\/wp\/v2\/posts"}],"about":[{"href":"https:\/\/plazajuarez.mx\/historico\/wp-json\/wp\/v2\/types\/post"}],"author":[{"embeddable":true,"href":"https:\/\/plazajuarez.mx\/historico\/wp-json\/wp\/v2\/users\/93"}],"replies":[{"embeddable":true,"href":"https:\/\/plazajuarez.mx\/historico\/wp-json\/wp\/v2\/comments?post=13805"}],"version-history":[{"count":0,"href":"https:\/\/plazajuarez.mx\/historico\/wp-json\/wp\/v2\/posts\/13805\/revisions"}],"wp:attachment":[{"href":"https:\/\/plazajuarez.mx\/historico\/wp-json\/wp\/v2\/media?parent=13805"}],"wp:term":[{"taxonomy":"category","embeddable":true,"href":"https:\/\/plazajuarez.mx\/historico\/wp-json\/wp\/v2\/categories?post=13805"},{"taxonomy":"post_tag","embeddable":true,"href":"https:\/\/plazajuarez.mx\/historico\/wp-json\/wp\/v2\/tags?post=13805"}],"curies":[{"name":"wp","href":"https:\/\/api.w.org\/{rel}","templated":true}]}}