{"id":13804,"date":"2015-11-24T11:28:45","date_gmt":"2015-11-24T11:28:45","guid":{"rendered":"http:\/\/plazajuarez.mx\/index\/index.php\/2015\/11\/24\/inauguran-en-pachuca-taller-de-periodismo-cientifico-participan-60-medios\/"},"modified":"2015-11-24T11:28:45","modified_gmt":"2015-11-24T11:28:45","slug":"inauguran-en-pachuca-taller-de-periodismo-cientifico-participan-60-medios","status":"publish","type":"post","link":"https:\/\/plazajuarez.mx\/historico\/inauguran-en-pachuca-taller-de-periodismo-cientifico-participan-60-medios\/","title":{"rendered":"Inauguran en Pachuca Taller  de Periodismo Cient\u00edfico;  participan 60 medios"},"content":{"rendered":"<p>El taller es organizado por el peri\u00f3dico nacional\u00a0 El Universal,\u00a0 en coordinaci\u00f3n con el gobierno del estado<\/p>\n<p>  <!--more-->  <\/p>\n<p>\u00a0<\/p>\n<p>Con la finalidad de proporcionar a la sociedad informaci\u00f3n clara respecto a temas de ciencia, tecnolog\u00eda y cuidado del medio ambiente, se inaugur\u00f3 la s\u00e9ptima edici\u00f3n del Taller de Periodismo Cient\u00edfico \u201cJack F. Ealy\u201d.<\/p>\n<p>\u00a0<\/p>\n<p>Cabe destacar que este taller es organizado por el peri\u00f3dico nacional\u00a0 El Universal,\u00a0 en coordinaci\u00f3n con el gobierno del estado, la\u00a0Fundaci\u00f3n Ealy Ortiz A. C. y\u00a0 el\u00a0Instituto de las Am\u00e9ricas,\u00a0 para\u00a0intercambiar conocimientos sobre ciencia, innovaci\u00f3n y tecnolog\u00eda aplicada al desarrollo.<\/p>\n<p>\u00a0<\/p>\n<p>En \u00e9l participar\u00e1n m\u00e1s de 60 medios estatales y nacionales, adem\u00e1s de acad\u00e9micos e investigadores mexicanos, que durante tres d\u00edas se reunir\u00e1n para\u00a0mostrar la fortaleza que representa el sector cient\u00edfico para el desarrollo acad\u00e9mico, econ\u00f3mico, ambiental e industrial de la entidad.<\/p>\n<p>\u00a0<\/p>\n<p>Cabe destacar que durante los \u00faltimos 11 a\u00f1os, el\u00a0Taller Jack F. Ealy de Periodismo Cient\u00edfico\u00a0ha capacitado a\u00a0m\u00e1s de\u00a0mil 500 periodistas\u00a0de\u00a0330 medios de comunicaci\u00f3n internacionales, a trav\u00e9s de\u00a0\u00a027 talleres\u00a0de capacitaci\u00f3n\u00a0profesional especializada en temas cient\u00edficos, tecnol\u00f3gicos, de salud y desarrollo sustentable en sus\u00a0cuatro ediciones: Iberoamericana (Espa\u00f1a), Latinoamericana (San Diego), M\u00e9xico y UNAM.<\/p>\n<p>\u00a0<\/p>\n<p>Est\u00e1 organizado para intercambiar\u00a0conocimientos sobre\u00a0el manejo de informaci\u00f3n relacionada con descubrimientos y avances cient\u00edficos, de\u00a0salud,\u00a0medio ambiente y tecnolog\u00eda aplicada al desarrollo;\u00a0establecer v\u00ednculos entre periodistas, investigadores y catedr\u00e1ticos; coadyuvar a un manejo m\u00e1s claro y objetivo de la informaci\u00f3n cient\u00edfica y tecnol\u00f3gica en medios impresos y electr\u00f3nicos, as\u00ed como para construir una Red de Periodistas Cient\u00edficos de habla hispana.<\/p>\n<p>\u00a0<\/p>\n<p>\u00a0<\/p>\n<p>DURANTE LOS \u00daLTIMOS<\/p>\n<p>11 A\u00d1OS, EL\u00a0TALLER JACK<\/p>\n<ol>\n<li>EALY DE PERIODISMO<\/li>\n<\/ol>\n<p>CIENT\u00cdFICO\u00a0HA CAPACITADO<\/p>\n<p>A\u00a0M\u00c1S DE\u00a0MIL 500 PERIODISTAS\u00a0<\/p>\n<p>DE\u00a0330 MEDIOS DE COMUNICACI\u00d3N<\/p>\n","protected":false},"excerpt":{"rendered":"<p>El taller es organizado por el peri\u00f3dico nacional\u00a0 El Universal,\u00a0 en coordinaci\u00f3n con el gobierno del estado<\/p>\n","protected":false},"author":93,"featured_media":0,"comment_status":"open","ping_status":"open","sticky":false,"template":"","format":"standard","meta":{"footnotes":""},"categories":[59],"tags":[],"class_list":["post-13804","post","type-post","status-publish","format-standard","hentry","category-general"],"_links":{"self":[{"href":"https:\/\/plazajuarez.mx\/historico\/wp-json\/wp\/v2\/posts\/13804","targetHints":{"allow":["GET"]}}],"collection":[{"href":"https:\/\/plazajuarez.mx\/historico\/wp-json\/wp\/v2\/posts"}],"about":[{"href":"https:\/\/plazajuarez.mx\/historico\/wp-json\/wp\/v2\/types\/post"}],"author":[{"embeddable":true,"href":"https:\/\/plazajuarez.mx\/historico\/wp-json\/wp\/v2\/users\/93"}],"replies":[{"embeddable":true,"href":"https:\/\/plazajuarez.mx\/historico\/wp-json\/wp\/v2\/comments?post=13804"}],"version-history":[{"count":0,"href":"https:\/\/plazajuarez.mx\/historico\/wp-json\/wp\/v2\/posts\/13804\/revisions"}],"wp:attachment":[{"href":"https:\/\/plazajuarez.mx\/historico\/wp-json\/wp\/v2\/media?parent=13804"}],"wp:term":[{"taxonomy":"category","embeddable":true,"href":"https:\/\/plazajuarez.mx\/historico\/wp-json\/wp\/v2\/categories?post=13804"},{"taxonomy":"post_tag","embeddable":true,"href":"https:\/\/plazajuarez.mx\/historico\/wp-json\/wp\/v2\/tags?post=13804"}],"curies":[{"name":"wp","href":"https:\/\/api.w.org\/{rel}","templated":true}]}}